{"id":11542,"date":"2023-01-08T09:35:12","date_gmt":"2023-01-08T08:35:12","guid":{"rendered":"https:\/\/www.profartspla.site\/wordpress\/?p=11542"},"modified":"2023-01-08T09:39:38","modified_gmt":"2023-01-08T08:39:38","slug":"visite-frac-lorraine-et-cathedrale","status":"publish","type":"post","link":"https:\/\/www.profartspla.site\/wordpress\/2023\/01\/08\/visite-frac-lorraine-et-cathedrale\/","title":{"rendered":"Visite FRAC Lorraine et cath\u00e9drale"},"content":{"rendered":"<p>Les &eacute;l&egrave;ves de Premi&egrave;re et Terminale sp&eacute;cialit&eacute; arts plastiques ont pu d&eacute;couvrir l&rsquo;exposition &laquo;&nbsp;<strong>Betye Saar Serious Moonlight<\/strong>&nbsp;&raquo; au FRAC lorraine avec la m&eacute;diation d&rsquo;Emeline Aubertin, charg&eacute;e de m&eacute;diation et un atelier Fanzine.<\/p>\n\n\n\n<div data-wp-interactive=\"core\/file\" class=\"wp-block-file aligncenter\"><object data-wp-bind--hidden=\"!state.hasPdfPreview\" hidden class=\"wp-block-file__embed\" data=\"https:\/\/www.profartspla.site\/wordpress\/wp-content\/uploads\/2023\/01\/Saar-sept22-jan23.pdf\" type=\"application\/pdf\" style=\"width:100%;height:600px\" aria-label=\"Contenu embarqu&eacute; Saar-sept22-jan23.\"><\/object><a id=\"wp-block-file--media-80c20827-989a-47dd-9fa8-4a9e8c1f7ae5\" href=\"https:\/\/www.profartspla.site\/wordpress\/wp-content\/uploads\/2023\/01\/Saar-sept22-jan23.pdf\" target=\"_blank\" rel=\"noreferrer noopener\">Saar-sept22-jan23<\/a><a href=\"https:\/\/www.profartspla.site\/wordpress\/wp-content\/uploads\/2023\/01\/Saar-sept22-jan23.pdf\" class=\"wp-block-file__button wp-element-button\" download aria-describedby=\"wp-block-file--media-80c20827-989a-47dd-9fa8-4a9e8c1f7ae5\">T&eacute;l&eacute;charger<\/a><\/div>\n\n\n\n<div align=\"center\"><iframe loading=\"lazy\" src=\"https:\/\/onedrive.live.com\/embed?cid=435CFFAA0495B0C1&amp;resid=435CFFAA0495B0C1%21159964&amp;authkey=ALbxk8ASQaJLS1U\" width=\"165\" height=\"128\" frameborder=\"0\" scrolling=\"no\"><\/iframe><\/div>\n\n\n\n<p>Lors de l&rsquo;alternance des groupes, une partie des &eacute;l&egrave;ves a r&eacute;alis&eacute; un travail photographique &agrave; la cath&eacute;drale de Metz.<\/p>\n\n\n\n<p><strong>Prises de vue photographiques &agrave; la cath&eacute;drale&nbsp;:<\/strong><\/p>\n\n\n\n<p>Avec votre t&eacute;l&eacute;phone, r&eacute;pondez sous forme photographique &agrave; 3 demandes diff&eacute;rentes list&eacute;es ci-dessous. Prenez le temps de <strong>cadrer<\/strong>, de choisir votre <strong>point et angle de vue<\/strong>. Il s&rsquo;agit de faire des <strong>photographies &agrave; vis&eacute;e artistique<\/strong> et non de &laquo;&nbsp;mitrailler&nbsp;&raquo; tout ce que vous voyez. Gardez bien le tout en m&eacute;moire sur votre t&eacute;l&eacute;phone et <strong>d&eacute;posez sur votre netboard dans l&rsquo;onglet &laquo;&nbsp;Mes visites, expos, spectacles&nbsp;&raquo; vos photographies et explications.<\/strong><\/p>\n\n\n\n<p><\/p>\n\n\n\n<div class=\"wp-block-columns is-layout-flex wp-container-core-columns-is-layout-9d6595d7 wp-block-columns-is-layout-flex\">\n<div class=\"wp-block-column is-layout-flow wp-block-column-is-layout-flow\" style=\"flex-basis:66.66%\">\n<p><strong>Indiquez bien les demandes<\/strong> que vous avez choisies et expliquez, <strong>justifiez vos choix<\/strong> (en une dizaine de lignes). <\/p>\n\n\n\n<p><a rel=\"noreferrer noopener\" href=\"https:\/\/dgxy.link\/chDHf\" target=\"_blank\">Acc&egrave;s &agrave; vos netboard : https:\/\/dgxy.link\/chDHf<\/a> ou qr-code ci-joint <\/p>\n<\/div>\n\n\n\n<div class=\"wp-block-column is-layout-flow wp-block-column-is-layout-flow\" style=\"flex-basis:33.33%\"><div class=\"wp-block-image\">\n<figure class=\"aligncenter size-full\"><img data-recalc-dims=\"1\" loading=\"lazy\" decoding=\"async\" width=\"141\" height=\"141\" src=\"https:\/\/i0.wp.com\/www.profartspla.site\/wordpress\/wp-content\/uploads\/2023\/01\/image.png?resize=141%2C141&#038;ssl=1\" alt=\"\" class=\"wp-image-11544\" srcset=\"https:\/\/i0.wp.com\/www.profartspla.site\/wordpress\/wp-content\/uploads\/2023\/01\/image.png?w=141&amp;ssl=1 141w, https:\/\/i0.wp.com\/www.profartspla.site\/wordpress\/wp-content\/uploads\/2023\/01\/image.png?resize=60%2C60&amp;ssl=1 60w\" sizes=\"auto, (max-width: 141px) 100vw, 141px\"\/><\/figure>\n<\/div><\/div>\n<\/div>\n\n\n\n<p><strong>Demandes &agrave; s&eacute;lectionner (3 minimum)&nbsp;:<\/strong><\/p>\n\n\n\n<p><strong>A contre-jour<\/strong> &ndash; <strong>Clair-obscur<\/strong> &ndash; <strong>Effet lumineux<\/strong> &ndash; <strong>Gros plan<\/strong> &ndash; <strong>Plan d&rsquo;ensemble<\/strong> &ndash; <strong>Hors &ndash; champ<\/strong> &ndash; <strong>Composition d&eacute;centr&eacute;e<\/strong> &ndash; <strong>Composition pyramidale<\/strong> &ndash; <strong>Arri&egrave;re-plan<\/strong> &ndash; <strong>Diff&eacute;rents plans<\/strong> &ndash; <strong>D&eacute;bull&eacute;<\/strong>&nbsp;<em>(terme de cin&eacute;ma = qui n&rsquo;est pas cadr&eacute; &agrave; l&rsquo;horizontale)<\/em> &ndash; <strong>Couleur tonique<\/strong><em> (faible quantit&eacute; mais forte saturation)<\/em> &ndash; <strong>Lignes continues<\/strong> &ndash; <strong>Lignes courbes<\/strong> &ndash; <strong>Lignes bris&eacute;es<\/strong> &ndash; <strong>Flou volontaire<\/strong> &ndash; <strong>Premier plan<\/strong> &ndash; <strong>Silhouette<\/strong> &ndash; <strong>Personnage en avant<\/strong> &ndash; <strong>Personnage contemplatif<\/strong> &ndash; <strong>En plong&eacute;e<\/strong> &ndash; <strong>En contre-plong&eacute;e<\/strong><\/p>\n","protected":false},"excerpt":{"rendered":"<p>Les \u00e9l\u00e8ves de Premi\u00e8re et Terminale sp\u00e9cialit\u00e9 arts plastiques ont pu d\u00e9couvrir l&rsquo;exposition \u00ab\u00a0Betye Saar Serious Moonlight\u00a0\u00bb au FRAC lorraine avec la m\u00e9diation d&rsquo;Emeline Aubertin, charg\u00e9e de m\u00e9diation et un atelier Fanzine. Lors de l&rsquo;alternance des groupes, une partie des \u00e9l\u00e8ves a r\u00e9alis\u00e9 un travail photographique \u00e0 la cath\u00e9drale de Metz. Prises de vue photographiques &hellip; <\/p>\n","protected":false},"author":1,"featured_media":11545,"comment_status":"closed","ping_status":"open","sticky":false,"template":"elementor_header_footer","format":"standard","meta":{"_jetpack_memberships_contains_paid_content":false,"footnotes":""},"categories":[314,315],"tags":[181,348,658,599],"class_list":["post-11542","post","type-post","status-publish","format-standard","has-post-thumbnail","hentry","category-cours_prem_spe20222023","category-cours_term_spe20222023","tag-exposition","tag-frac","tag-sortie","tag-visite"],"jetpack_featured_media_url":"https:\/\/i0.wp.com\/www.profartspla.site\/wordpress\/wp-content\/uploads\/2023\/01\/FRAC-e1673166904414.jpeg?fit=200%2C68&ssl=1","jetpack_sharing_enabled":true,"_links":{"self":[{"href":"https:\/\/www.profartspla.site\/wordpress\/wp-json\/wp\/v2\/posts\/11542","targetHints":{"allow":["GET"]}}],"collection":[{"href":"https:\/\/www.profartspla.site\/wordpress\/wp-json\/wp\/v2\/posts"}],"about":[{"href":"https:\/\/www.profartspla.site\/wordpress\/wp-json\/wp\/v2\/types\/post"}],"author":[{"embeddable":true,"href":"https:\/\/www.profartspla.site\/wordpress\/wp-json\/wp\/v2\/users\/1"}],"replies":[{"embeddable":true,"href":"https:\/\/www.profartspla.site\/wordpress\/wp-json\/wp\/v2\/comments?post=11542"}],"version-history":[{"count":2,"href":"https:\/\/www.profartspla.site\/wordpress\/wp-json\/wp\/v2\/posts\/11542\/revisions"}],"predecessor-version":[{"id":11548,"href":"https:\/\/www.profartspla.site\/wordpress\/wp-json\/wp\/v2\/posts\/11542\/revisions\/11548"}],"wp:featuredmedia":[{"embeddable":true,"href":"https:\/\/www.profartspla.site\/wordpress\/wp-json\/wp\/v2\/media\/11545"}],"wp:attachment":[{"href":"https:\/\/www.profartspla.site\/wordpress\/wp-json\/wp\/v2\/media?parent=11542"}],"wp:term":[{"taxonomy":"category","embeddable":true,"href":"https:\/\/www.profartspla.site\/wordpress\/wp-json\/wp\/v2\/categories?post=11542"},{"taxonomy":"post_tag","embeddable":true,"href":"https:\/\/www.profartspla.site\/wordpress\/wp-json\/wp\/v2\/tags?post=11542"}],"curies":[{"name":"wp","href":"https:\/\/api.w.org\/{rel}","templated":true}]}}