{"id":1172,"date":"2020-02-04T21:07:39","date_gmt":"2020-02-04T20:07:39","guid":{"rendered":"https:\/\/www.profartspla.site\/wordpress\/les-petits-laboratoires-de-l-image\/"},"modified":"2026-02-14T20:21:57","modified_gmt":"2026-02-14T19:21:57","slug":"les-petits-laboratoires-de-l-image","status":"publish","type":"post","link":"https:\/\/www.profartspla.site\/wordpress\/2020\/02\/04\/les-petits-laboratoires-de-l-image\/","title":{"rendered":"Les Petits Laboratoires de l&rsquo;Image"},"content":{"rendered":"<p><span style=\"font-size: 12pt;\">Voir le <a class=\"glossaryLink\"  aria-describedby=\"tt\"  data-cmtooltip=\"cmtt_906c1d5c0c2747756575b56588385d79\"  href=\"https:\/\/www.profartspla.site\/wordpress\/Dictionnaire\/planche-de-projet\/\"  target=\"_blank\"  data-gt-translate-attributes='[{\"attribute\":\"data-cmtooltip\", \"format\":\"html\"}]' tabindex='0' role='link'>projet<\/a> d&eacute;pos&eacute; &agrave; la DAAC en juin et accept&eacute;.&nbsp;<\/span><\/p>\n\n\n\n<p><span style=\"font-size: 12pt;\">Deux &eacute;tudiant(e)s de l&rsquo;ESAL de Metz viendront travailler <a class=\"glossaryLink\"  aria-describedby=\"tt\"  data-cmtooltip=\"cmtt_abbbe7fa6b145bfec04962acf8a7cb9a\"  href=\"https:\/\/www.profartspla.site\/wordpress\/Dictionnaire\/pendant\/\"  target=\"_blank\"  data-gt-translate-attributes='[{\"attribute\":\"data-cmtooltip\", \"format\":\"html\"}]' tabindex='0' role='link'>pendant<\/a> 20 h avec le groupe de 33 &eacute;l&egrave;ves de seconde.&nbsp;<\/span><\/p>\n\n\n\n<p><span style=\"font-size: 12pt;\">Dates pr&eacute;vues : <\/span><\/p>\n\n\n\n<ul class=\"wp-block-list\">\n<li><span style=\"font-size: 12pt;\">05\/02 : <a class=\"glossaryLink\"  aria-describedby=\"tt\"  data-cmtooltip=\"cmtt_085c08dcb4d02183d053f44935fe0a2e\"  href=\"https:\/\/www.profartspla.site\/wordpress\/Dictionnaire\/presentation\/\"  target=\"_blank\"  data-gt-translate-attributes='[{\"attribute\":\"data-cmtooltip\", \"format\":\"html\"}]' tabindex='0' role='link'>pr&eacute;sentation<\/a> &agrave; deux : &eacute;cole, travaux, <a class=\"glossaryLink\"  aria-describedby=\"tt\"  data-cmtooltip=\"cmtt_906c1d5c0c2747756575b56588385d79\"  href=\"https:\/\/www.profartspla.site\/wordpress\/Dictionnaire\/planche-de-projet\/\"  target=\"_blank\"  data-gt-translate-attributes='[{\"attribute\":\"data-cmtooltip\", \"format\":\"html\"}]' tabindex='0' role='link'>projet<\/a> de 11 h &agrave; 12 h et de 13 h &agrave; 15 h<\/span><\/li>\n\n\n\n<li><span style=\"font-size: 12pt;\">04\/03 : Virgil &gt; suivi des projets et intervention&nbsp;de 11 h &agrave; 12 h et de 13 h &agrave; 15 h<\/span><\/li>\n\n\n\n<li><span style=\"font-size: 12pt;\"> 25\/03 : Cl&eacute;mence &gt; suivi des projets et intervention&nbsp;de 11 h &agrave; 12 h et de 13 h &agrave; 15 h<\/span><\/li>\n\n\n\n<li><span style=\"font-size: 12pt;\">01\/04 : finalisation avec deux intervenants et programmation du montage de l&rsquo;<a class=\"glossaryLink\"  aria-describedby=\"tt\"  data-cmtooltip=\"cmtt_00e1dcd087643be50967bd2050b29be5\"  href=\"https:\/\/www.profartspla.site\/wordpress\/Dictionnaire\/exposition\/\"  target=\"_blank\"  data-gt-translate-attributes='[{\"attribute\":\"data-cmtooltip\", \"format\":\"html\"}]' tabindex='0' role='link'>exposition<\/a> dans les LAC 1 et 2 (entrainement (<a class=\"glossaryLink\"  aria-describedby=\"tt\"  data-cmtooltip=\"cmtt_857af9971a5a9103e702dc9d19f17f85\"  href=\"https:\/\/www.profartspla.site\/wordpress\/Dictionnaire\/installation\/\"  target=\"_blank\"  data-gt-translate-attributes='[{\"attribute\":\"data-cmtooltip\", \"format\":\"html\"}]' tabindex='0' role='link'>installation<\/a> et m&eacute;diation) pour la Nuit des Mus&eacute;es)&nbsp;de 11 h &agrave; 12 h et de 13 h &agrave; 16 h<\/span><\/li>\n<\/ul>\n\n\n\n<p><span style=\"font-size: 14pt;\"><strong>Titre du <a class=\"glossaryLink\"  aria-describedby=\"tt\"  data-cmtooltip=\"cmtt_906c1d5c0c2747756575b56588385d79\"  href=\"https:\/\/www.profartspla.site\/wordpress\/Dictionnaire\/planche-de-projet\/\"  target=\"_blank\"  data-gt-translate-attributes='[{\"attribute\":\"data-cmtooltip\", \"format\":\"html\"}]' tabindex='0' role='link'>projet<\/a> :&nbsp;<a class=\"glossaryLink\"  aria-describedby=\"tt\"  data-cmtooltip=\"cmtt_3e7a215c57423bf8d2aa588675647657\"  href=\"https:\/\/www.profartspla.site\/wordpress\/Dictionnaire\/exposer\/\"  target=\"_blank\"  data-gt-translate-attributes='[{\"attribute\":\"data-cmtooltip\", \"format\":\"html\"}]' tabindex='0' role='link'>Exposer<\/a> les sons, entendre les formes, les <a class=\"glossaryLink\"  aria-describedby=\"tt\"  data-cmtooltip=\"cmtt_6b346ef57ec30890b94d59dbe156825e\"  href=\"https:\/\/www.profartspla.site\/wordpress\/Dictionnaire\/couleur\/\"  target=\"_blank\"  data-gt-translate-attributes='[{\"attribute\":\"data-cmtooltip\", \"format\":\"html\"}]' tabindex='0' role='link'>couleurs<\/a>, les textures.<\/strong><\/span><\/p>\n\n\n\n<p><span style=\"font-size: 12pt;\"><strong>Date de la Nuit des Mus&eacute;es<\/strong> : samedi 16 mai de 19 h &agrave; minuit.<\/span><\/p>\n\n\n\n<p><span style=\"font-size: 14pt; color: #ff0000;\"><strong>05\/02\/2020 &agrave; 15 h : rendre une <a class=\"glossaryLink\"  aria-describedby=\"tt\"  data-cmtooltip=\"cmtt_906c1d5c0c2747756575b56588385d79\"  href=\"https:\/\/www.profartspla.site\/wordpress\/Dictionnaire\/planche-de-projet\/\"  target=\"_blank\"  data-gt-translate-attributes='[{\"attribute\":\"data-cmtooltip\", \"format\":\"html\"}]' tabindex='0' role='link'>planche<\/a> avec des <a class=\"glossaryLink\"  aria-describedby=\"tt\"  data-cmtooltip=\"cmtt_95e342993788a0be21523382e292844a\"  href=\"https:\/\/www.profartspla.site\/wordpress\/Dictionnaire\/croquis\/\"  target=\"_blank\"  data-gt-translate-attributes='[{\"attribute\":\"data-cmtooltip\", \"format\":\"html\"}]' tabindex='0' role='link'>croquis<\/a> du <a class=\"glossaryLink\"  aria-describedby=\"tt\"  data-cmtooltip=\"cmtt_906c1d5c0c2747756575b56588385d79\"  href=\"https:\/\/www.profartspla.site\/wordpress\/Dictionnaire\/planche-de-projet\/\"  target=\"_blank\"  data-gt-translate-attributes='[{\"attribute\":\"data-cmtooltip\", \"format\":\"html\"}]' tabindex='0' role='link'>projet<\/a>, le ou les noms des auteurs, une liste de mat&eacute;riel &agrave; demander, une <a class=\"glossaryLink\"  aria-describedby=\"tt\"  data-cmtooltip=\"cmtt_72bf8ef98c579fe9852292b5f45674d4\"  href=\"https:\/\/www.profartspla.site\/wordpress\/Dictionnaire\/idee\/\"  target=\"_blank\"  data-gt-translate-attributes='[{\"attribute\":\"data-cmtooltip\", \"format\":\"html\"}]' tabindex='0' role='link'>id&eacute;e<\/a> du <a class=\"glossaryLink\"  aria-describedby=\"tt\"  data-cmtooltip=\"cmtt_cb1fb44505cadc57a300d92ad7269545\"  href=\"https:\/\/www.profartspla.site\/wordpress\/Dictionnaire\/lieu\/\"  target=\"_blank\"  data-gt-translate-attributes='[{\"attribute\":\"data-cmtooltip\", \"format\":\"html\"}]' tabindex='0' role='link'>lieu<\/a> pour l&rsquo;<a class=\"glossaryLink\"  aria-describedby=\"tt\"  data-cmtooltip=\"cmtt_00e1dcd087643be50967bd2050b29be5\"  href=\"https:\/\/www.profartspla.site\/wordpress\/Dictionnaire\/exposition\/\"  target=\"_blank\"  data-gt-translate-attributes='[{\"attribute\":\"data-cmtooltip\", \"format\":\"html\"}]' tabindex='0' role='link'>exposition<\/a> au <a class=\"glossaryLink\"  aria-describedby=\"tt\"  data-cmtooltip=\"cmtt_f50670b0c04e0fa882016c5609c90f50\"  href=\"https:\/\/www.profartspla.site\/wordpress\/Dictionnaire\/musee\/\"  target=\"_blank\"  data-gt-translate-attributes='[{\"attribute\":\"data-cmtooltip\", \"format\":\"html\"}]' tabindex='0' role='link'>mus&eacute;e<\/a>, &hellip;<\/strong><\/span><\/p>\n\n\n\n<p><span style=\"font-size: 12pt;\">Oeuvre de r&eacute;f&eacute;rence &agrave; utiliser dans le <a class=\"glossaryLink\"  aria-describedby=\"tt\"  data-cmtooltip=\"cmtt_906c1d5c0c2747756575b56588385d79\"  href=\"https:\/\/www.profartspla.site\/wordpress\/Dictionnaire\/planche-de-projet\/\"  target=\"_blank\"  data-gt-translate-attributes='[{\"attribute\":\"data-cmtooltip\", \"format\":\"html\"}]' tabindex='0' role='link'>projet<\/a> : <a class=\"glossaryLink\"  aria-describedby=\"tt\"  data-cmtooltip=\"cmtt_33668cfb5e7a7cf8726502ce82851ed1\"  href=\"https:\/\/www.profartspla.site\/wordpress\/Dictionnaire\/portrait\/\"  target=\"_blank\"  data-gt-translate-attributes='[{\"attribute\":\"data-cmtooltip\", \"format\":\"html\"}]' tabindex='0' role='link'>Portrait<\/a> de Louis XIV&nbsp;<\/span><\/p>\n\n\n<div class=\"wp-block-image\">\n<figure class=\"aligncenter size-large\"><a href=\"https:\/\/i0.wp.com\/www.profartspla.site\/attachments\/article\/1172\/LouisXIV.jpgattachments\/article\/1172\/LouisXIV.jpg?ssl=1\" target=\"_blank\" rel=\"noopener noreferrer\"><img data-recalc-dims=\"1\" decoding=\"async\" src=\"https:\/\/i0.wp.com\/www.profartspla.site\/attachments\/article\/1172\/LouisXIV.jpg?w=925&#038;ssl=1\" alt=\"\"\/><\/a><\/figure>\n<\/div>\n\n\n<p><span style=\"font-size: 12pt;\"><\/span><\/p>\n\n\n\n<p><\/p>\n","protected":false},"excerpt":{"rendered":"<p>Voir le projet d\u00e9pos\u00e9 \u00e0 la DAAC en juin et accept\u00e9.&nbsp; Deux \u00e9tudiant(e)s de l&rsquo;ESAL de Metz viendront travailler pendant 20 h avec le groupe de 33 \u00e9l\u00e8ves de seconde.&nbsp; Dates pr\u00e9vues : Titre du projet :&nbsp;Exposer les sons, entendre les formes, les couleurs, les textures. Date de la Nuit des Mus\u00e9es : samedi 16 &hellip; <\/p>\n","protected":false},"author":1,"featured_media":0,"comment_status":"closed","ping_status":"closed","sticky":false,"template":"","format":"standard","meta":{"_jetpack_memberships_contains_paid_content":false,"footnotes":""},"categories":[1],"tags":[141],"class_list":["post-1172","post","type-post","status-publish","format-standard","hentry","category-non-classe","tag-sequence"],"jetpack_featured_media_url":"","jetpack_sharing_enabled":true,"_links":{"self":[{"href":"https:\/\/www.profartspla.site\/wordpress\/wp-json\/wp\/v2\/posts\/1172","targetHints":{"allow":["GET"]}}],"collection":[{"href":"https:\/\/www.profartspla.site\/wordpress\/wp-json\/wp\/v2\/posts"}],"about":[{"href":"https:\/\/www.profartspla.site\/wordpress\/wp-json\/wp\/v2\/types\/post"}],"author":[{"embeddable":true,"href":"https:\/\/www.profartspla.site\/wordpress\/wp-json\/wp\/v2\/users\/1"}],"replies":[{"embeddable":true,"href":"https:\/\/www.profartspla.site\/wordpress\/wp-json\/wp\/v2\/comments?post=1172"}],"version-history":[{"count":2,"href":"https:\/\/www.profartspla.site\/wordpress\/wp-json\/wp\/v2\/posts\/1172\/revisions"}],"predecessor-version":[{"id":27987,"href":"https:\/\/www.profartspla.site\/wordpress\/wp-json\/wp\/v2\/posts\/1172\/revisions\/27987"}],"wp:attachment":[{"href":"https:\/\/www.profartspla.site\/wordpress\/wp-json\/wp\/v2\/media?parent=1172"}],"wp:term":[{"taxonomy":"category","embeddable":true,"href":"https:\/\/www.profartspla.site\/wordpress\/wp-json\/wp\/v2\/categories?post=1172"},{"taxonomy":"post_tag","embeddable":true,"href":"https:\/\/www.profartspla.site\/wordpress\/wp-json\/wp\/v2\/tags?post=1172"}],"curies":[{"name":"wp","href":"https:\/\/api.w.org\/{rel}","templated":true}]}}