{"id":121,"date":"2016-01-05T18:37:34","date_gmt":"2016-01-05T17:37:34","guid":{"rendered":"https:\/\/www.profartspla.site\/wordpress\/mes-presentations-sous-prezi\/"},"modified":"2024-10-10T20:04:45","modified_gmt":"2024-10-10T18:04:45","slug":"mes-presentations-sous-prezi","status":"publish","type":"post","link":"https:\/\/www.profartspla.site\/wordpress\/2016\/01\/05\/mes-presentations-sous-prezi\/","title":{"rendered":"Mes pr\u00e9sentations sous PREZI"},"content":{"rendered":"<figure class=\"wp-block-table\"><table class=\"has-fixed-layout\"><tbody><tr><td colspan=\"2\"><span style=\"font-size: 12pt;\"><a href=\"https:\/\/prezi.com\/user\/b1zh6772j61e\/prezis\/\">https:\/\/prezi.com\/user\/b1zh6772j61e\/prezis<\/a> avec le compte cbourdenet@ac-nancy-metz.fr<\/span> (payant)<\/td><\/tr><tr><td>\n<ul>\n<li><span style=\"font-size: 12pt;\"><a href=\"https:\/\/prezi.com\/21uuj1bpefeq\/journee-academique-de-linnovation-college-paul-verlaine-metz\/\">Journ&eacute;e acad&eacute;mique de l&rsquo;innovation : coll&egrave;ge Paul Verlaine, Metz<\/a><\/span><\/li>\n<li><span style=\"font-size: 12pt;\"><a href=\"https:\/\/prezi.com\/z5z1hdytf_md\/art-et-nature\/\">Art et Nature<\/a><\/span><\/li>\n<li><span style=\"font-size: 12pt;\"><a href=\"https:\/\/prezi.com\/_zd7cubdcybw\/vocabulaire\/\">Vocabulaire du cin&eacute;ma <\/a><\/span><\/li>\n<li><span style=\"font-size: 12pt;\"><a href=\"https:\/\/prezi.com\/cdsm4klpcknt\/la-fontaine-stravinsky\/\">La fontaine Stravinsky<\/a><\/span><\/li>\n<li><span style=\"font-size: 12pt;\"><a href=\"https:\/\/prezi.com\/imj0vbfhcbtp\/art-et-consommation\/\">Art et consommation<\/a><\/span><\/li>\n<li><span style=\"font-size: 12pt;\"><a href=\"https:\/\/prezi.com\/-h4pvztpxh7t\/otto-dix\/\">Otto Dix<\/a><\/span><\/li>\n<li><span style=\"font-size: 12pt;\"><a href=\"https:\/\/prezi.com\/itopm3yogwwj\/monde-industriel\/\">Le monde industriel<\/a><\/span><\/li>\n<li><span style=\"font-size: 12pt;\"><a href=\"https:\/\/prezi.com\/pzjbckucli0e\/travaux-deleves-avec-les-temps-modernes-comme-lancement-du-travail-plastique\/\">Travaux d&rsquo;&eacute;l&egrave;ves avec les Temps Modernes&hellip;<\/a><\/span><\/li>\n<li><span style=\"font-size: 12pt;\"><a href=\"https:\/\/prezi.com\/_wlyerlmngyb\/la-figure-dadolf-hitler\/\">La figure d&rsquo;Adolf Hitler<\/a><\/span><\/li>\n<li><span style=\"font-size: 12pt;\"><a href=\"https:\/\/prezi.com\/7ib7mhmzdqxh\/histoire-du-cinema\/\">Histoire du cin&eacute;ma<\/a><\/span><\/li>\n<li><span style=\"font-size: 12pt;\"><a href=\"https:\/\/prezi.com\/vkvc5ful_cge\/tourner-un-film\/\" target=\"_blank\" rel=\"alternate noopener\">Tourner un film<\/a><\/span><\/li>\n<li><span style=\"font-size: 12pt;\"><a href=\"https:\/\/prezi.com\/8bp4w3xsvj58\/le-cinema-fantastique\/\">Le cin&eacute;ma fantastique<\/a><\/span><\/li>\n<li><span style=\"font-size: 12pt;\"><a href=\"https:\/\/prezi.com\/2xaazfaa3xth\/autoportrait\/\">L&rsquo;autoportrait<\/a><\/span><\/li>\n<\/ul>\n<\/td><td>\n<ul>\n<li><span style=\"font-size: 12pt;\"><a href=\"https:\/\/prezi.com\/paces5kstg89\/les-gares\/\">Les gares<\/a><\/span><\/li>\n<li><span style=\"font-size: 12pt;\"><a href=\"https:\/\/prezi.com\/mbkdrmphuosu\/picasso\/\">Picasso<\/a><\/span><\/li>\n<li><span style=\"font-size: 12pt;\"><a href=\"https:\/\/prezi.com\/pzgps24hnc9w\/personnages-en-videos\/\">Les personnages en vid&eacute;os<\/a><\/span><\/li>\n<li><span style=\"font-size: 12pt;\"><a href=\"https:\/\/prezi.com\/fdr6flvp4gmq\/cahier-numerique-en-histoire-des-arts\/\">Cahier num&eacute;rique en Histoire des Arts<\/a><\/span><\/li>\n<li><span style=\"font-size: 12pt;\"><a href=\"https:\/\/prezi.com\/fqun_kn6bdgz\/installations-photographiques\/\">Installations photographiques<\/a><\/span><\/li>\n<li><span style=\"font-size: 12pt;\"><a href=\"https:\/\/prezi.com\/hgpf6khw3zlk\/echelle-des-choses\/\" target=\"_blank\" rel=\"alternate noopener\">Echelle des choses&hellip;<\/a><\/span><\/li>\n<li><span style=\"font-size: 12pt;\"><a href=\"https:\/\/prezi.com\/bpolkrbx7uxa\/lieu-et-ses-images\/\">Lieu et ses images<\/a><\/span><\/li>\n<li><span style=\"font-size: 12pt;\"><a href=\"https:\/\/prezi.com\/u-0xf4-anow6\/videos\/\">Videos<\/a><\/span><\/li>\n<li><span style=\"font-size: 12pt;\"><a href=\"https:\/\/prezi.com\/vqgboiv2shuu\/objet-et-couleur\/\" target=\"_blank\" rel=\"alternate noopener\">Objet et couleur<\/a><\/span><\/li>\n<li><span style=\"font-size: 12pt;\"><a href=\"https:\/\/prezi.com\/f02vp8dxheoy\/art-americain\/\">Art am&eacute;ricain<\/a><\/span><\/li>\n<li><span style=\"font-size: 12pt;\"><a href=\"https:\/\/prezi.com\/iqysmbmggpoy\/le-corbusier-ressources\/\">Le Corbusier : ressources<\/a><\/span><\/li>\n<li><span style=\"font-size: 12pt;\"><a href=\"https:\/\/prezi.com\/neivig-vezgh\/chaplin\/\">Chaplin<\/a><\/span><\/li>\n<li><span style=\"font-size: 12pt;\"><a href=\"https:\/\/prezi.com\/q_yqlf50-etq\/le-surrealisme\/\">Le Surr&eacute;alisme<\/a><\/span><\/li>\n<li><span style=\"font-size: 12pt;\"><a href=\"https:\/\/prezi.com\/qkqnjy4d0mum\/photographe\/\" target=\"_blank\" rel=\"alternate noopener\">Le m&eacute;tier de photographe<\/a><\/span><\/li>\n<\/ul>\n<\/td><\/tr><tr><td colspan=\"2\">&nbsp;<\/td><\/tr><tr><td colspan=\"2\"><span style=\"font-size: 12pt;\"><a href=\"https:\/\/prezi.com\/user\/fq-4gckgoy1d\/\">https:\/\/prezi.com\/user\/fq-4gckgoy1d\/<\/a> avec le compte <a href=\"mailto:corinne.bourdenet@clg-verlaine57.net\">corinne.bourdenet@clg-verlaine57.net<\/a><\/span><\/td><\/tr><tr><td>\n<ul>\n<li><span style=\"font-size: 12pt;\"><a href=\"https:\/\/prezi.com\/3xyp9s0zge6p\/courbet-et-son-temps\/\" target=\"_blank\" rel=\"noopener\">Courbet et son temps &hellip;<\/a><\/span><\/li>\n<li><span style=\"font-size: 12pt;\"><a href=\"https:\/\/prezi.com\/zuzdntn6obyp\/lart-choregraphique\/\" target=\"_blank\" rel=\"noopener\">L&rsquo;art chor&eacute;graphique<\/a><\/span><\/li>\n<li><span style=\"font-size: 12pt;\"><a href=\"https:\/\/prezi.com\/cdsm4klpcknt\/la-fontaine-stravinsky\/\" target=\"_blank\" rel=\"noopener\">La fontaine Stravinsky<\/a><\/span><\/li>\n<li><span style=\"font-size: 12pt;\"><a href=\"https:\/\/prezi.com\/-h4pvztpxh7t\/otto-dix\/\" target=\"_blank\" rel=\"noopener\">Otto Dix<\/a><\/span><\/li>\n<li><span style=\"font-size: 12pt;\"><a href=\"https:\/\/prezi.com\/oxmgikqqmanu\/la-performance\/\" target=\"_blank\" rel=\"noopener\">La performance<\/a><\/span><\/li>\n<\/ul>\n<\/td><td>\n<ul>\n<li><span style=\"font-size: 12pt;\"><a href=\"https:\/\/prezi.com\/ntx_zseeyl-f\/mur-de-berlin\/\" target=\"_blank\" rel=\"noopener\">Mur de BERLIN<\/a><\/span><\/li>\n<li><span style=\"font-size: 12pt;\"><a href=\"https:\/\/prezi.com\/pzjbckucli0e\/travaux-deleves-avec-les-temps-modernes-comme-lancement-du-travail-plastique\/\" target=\"_blank\" rel=\"noopener\">Travaux d&rsquo;&eacute;l&egrave;ves avec les Temps Modernes<\/a><\/span><\/li>\n<li><span style=\"font-size: 12pt;\"><a href=\"https:\/\/prezi.com\/oz3fzh3fjyl5\/travaux-au-college\/\" target=\"_blank\" rel=\"noopener\">Travaux au coll&egrave;ge<\/a><\/span><\/li>\n<li><span style=\"font-size: 12pt;\"><a href=\"https:\/\/prezi.com\/8g5-n-lbedy6\/labyrinthe-filmique\/\" target=\"_blank\" rel=\"noopener\">Labyrinthe filmique<\/a><\/span><\/li>\n<\/ul>\n<\/td><\/tr><tr><td><strong>Autres comptes ouverts (encore vides)<\/strong><br><ul><br><li>corinnebourdenet@gmail.com<\/li><br><li>corinne-odile-m.bourdenet@ac-nancy-metz.fr<\/li><br><\/ul><br><\/td><td>&nbsp;<\/td><\/tr><\/tbody><\/table><\/figure>\n","protected":false},"excerpt":{"rendered":"<p>https:\/\/prezi.com\/user\/b1zh6772j61e\/prezis avec le compte cbourdenet@ac-nancy-metz.fr (payant) Journ\u00e9e acad\u00e9mique de l&rsquo;innovation : coll\u00e8ge Paul Verlaine, Metz Art et Nature Vocabulaire du cin\u00e9ma La fontaine Stravinsky Art et consommation Otto Dix Le monde industriel Travaux d&rsquo;\u00e9l\u00e8ves avec les Temps Modernes&#8230; La figure d&rsquo;Adolf Hitler Histoire du cin\u00e9ma Tourner un film Le cin\u00e9ma fantastique L&rsquo;autoportrait Les gares Picasso &hellip; <\/p>\n","protected":false},"author":1,"featured_media":21193,"comment_status":"closed","ping_status":"closed","sticky":false,"template":"","format":"standard","meta":{"_jetpack_memberships_contains_paid_content":false,"footnotes":""},"categories":[3],"tags":[1055,689],"class_list":["post-121","post","type-post","status-publish","format-standard","has-post-thumbnail","hentry","category-cours","tag-presentations","tag-prezi"],"jetpack_featured_media_url":"https:\/\/i0.wp.com\/www.profartspla.site\/wordpress\/wp-content\/uploads\/2016\/01\/prezi-e1728583480558.png?fit=200%2C115&ssl=1","jetpack_sharing_enabled":true,"_links":{"self":[{"href":"https:\/\/www.profartspla.site\/wordpress\/wp-json\/wp\/v2\/posts\/121","targetHints":{"allow":["GET"]}}],"collection":[{"href":"https:\/\/www.profartspla.site\/wordpress\/wp-json\/wp\/v2\/posts"}],"about":[{"href":"https:\/\/www.profartspla.site\/wordpress\/wp-json\/wp\/v2\/types\/post"}],"author":[{"embeddable":true,"href":"https:\/\/www.profartspla.site\/wordpress\/wp-json\/wp\/v2\/users\/1"}],"replies":[{"embeddable":true,"href":"https:\/\/www.profartspla.site\/wordpress\/wp-json\/wp\/v2\/comments?post=121"}],"version-history":[{"count":2,"href":"https:\/\/www.profartspla.site\/wordpress\/wp-json\/wp\/v2\/posts\/121\/revisions"}],"predecessor-version":[{"id":21192,"href":"https:\/\/www.profartspla.site\/wordpress\/wp-json\/wp\/v2\/posts\/121\/revisions\/21192"}],"wp:featuredmedia":[{"embeddable":true,"href":"https:\/\/www.profartspla.site\/wordpress\/wp-json\/wp\/v2\/media\/21193"}],"wp:attachment":[{"href":"https:\/\/www.profartspla.site\/wordpress\/wp-json\/wp\/v2\/media?parent=121"}],"wp:term":[{"taxonomy":"category","embeddable":true,"href":"https:\/\/www.profartspla.site\/wordpress\/wp-json\/wp\/v2\/categories?post=121"},{"taxonomy":"post_tag","embeddable":true,"href":"https:\/\/www.profartspla.site\/wordpress\/wp-json\/wp\/v2\/tags?post=121"}],"curies":[{"name":"wp","href":"https:\/\/api.w.org\/{rel}","templated":true}]}}