{"id":122,"date":"2016-01-06T17:59:30","date_gmt":"2016-01-06T16:59:30","guid":{"rendered":"https:\/\/www.profartspla.site\/wordpress\/galerie-d-art-en-etablissement-scolaire\/"},"modified":"2024-08-24T19:57:48","modified_gmt":"2024-08-24T17:57:48","slug":"galerie-d-art-en-etablissement-scolaire","status":"publish","type":"post","link":"https:\/\/www.profartspla.site\/wordpress\/2016\/01\/06\/galerie-d-art-en-etablissement-scolaire\/","title":{"rendered":"Galerie d&rsquo;art en \u00e9tablissement scolaire"},"content":{"rendered":"<p>Cette page centralise tous les documents relatifs &agrave; ce <a class=\"glossaryLink\"  aria-describedby=\"tt\"  data-cmtooltip=\"cmtt_906c1d5c0c2747756575b56588385d79\"  href=\"https:\/\/www.profartspla.site\/wordpress\/Dictionnaire\/planche-de-projet\/\"  target=\"_blank\"  data-gt-translate-attributes='[{\"attribute\":\"data-cmtooltip\", \"format\":\"html\"}]' tabindex='0' role='link'>projet<\/a>.<\/p>\n\n\n\n<hr class=\"wp-block-separator has-alpha-channel-opacity\">\n\n\n\n<h3 class=\"has-text-align-center wp-block-heading\">Fabrication des cimaises en carton alv&eacute;ol&eacute; :<\/h3>\n\n\n\n<div align=\"center\"><iframe loading=\"lazy\" src=\"https:\/\/onedrive.live.com\/embed?cid=435CFFAA0495B0C1&amp;resid=435CFFAA0495B0C1%218240&amp;authkey=AOP5R_qMG9jIhTc\" width=\"165\" height=\"128\" frameborder=\"0\" scrolling=\"no\"><\/iframe><\/div>\n\n\n\n<p class=\"has-text-align-center\"><strong>Album photo montrant les &eacute;tapes de la fabrication : <\/strong><\/p>\n\n\n\n<div align=\"center\"><iframe src=\"https:\/\/onedrive.live.com\/embed?cid=435CFFAA0495B0C1&amp;resid=435CFFAA0495B0C1%2136812&amp;authkey=AIV4glKfGrgdKa0&amp;em=2&amp;wdAr=1.7777777777777777\" width=\"80%\" height=\"367px\" frameborder=\"0\"><\/iframe><\/div>\n\n\n\n<p class=\"has-text-align-center\"><strong>Le <a class=\"glossaryLink\"  aria-describedby=\"tt\"  data-cmtooltip=\"cmtt_906c1d5c0c2747756575b56588385d79\"  href=\"https:\/\/www.profartspla.site\/wordpress\/Dictionnaire\/planche-de-projet\/\"  target=\"_blank\"  data-gt-translate-attributes='[{\"attribute\":\"data-cmtooltip\", \"format\":\"html\"}]' tabindex='0' role='link'>projet<\/a> en images : <\/strong> <\/p>\n\n\n\n<div align=\"center\"><iframe src=\"https:\/\/www.profartspla.site\/images\/pdf\/plan_galerie_p.pdf\" width=\"80%\" height=\"700px\" frameborder=\"0\"><\/iframe><\/div>\n\n\n\n<hr class=\"wp-block-separator has-alpha-channel-opacity\">\n\n\n\n<p class=\"has-text-align-center\"><strong>&nbsp;&nbsp; Utilisation de SWAY comme <a class=\"glossaryLink\"  aria-describedby=\"tt\"  data-cmtooltip=\"cmtt_f9070c026db1e48a0f49dcd468ee634f\"  href=\"https:\/\/www.profartspla.site\/wordpress\/Dictionnaire\/pinceau\/\"  target=\"_blank\"  data-gt-translate-attributes='[{\"attribute\":\"data-cmtooltip\", \"format\":\"html\"}]' tabindex='0' role='link'>outil<\/a> de m&eacute;diation culturelle par et pour les &eacute;l&egrave;ves : explications<\/strong><\/p>\n\n\n\n<div align=\"center\"><iframe loading=\"lazy\" width=\"100%\" height=\"500vh\" src=\"https:\/\/sway.com\/s\/mlBodHC2SijCHnAw\/embed\" frameborder=\"0\" marginwidth=\"0\" marginheight=\"0\" scrolling=\"no\" style=\"border: none; width:100%; height:100vh\" allowfullscreen webkitallowfullscreen mozallowfullscreen msallowfullscreen><\/iframe> <\/div>\n\n\n\n<div style=\"height:100px\" aria-hidden=\"true\" class=\"wp-block-spacer\"><\/div>\n\n\n\n<hr class=\"wp-block-separator has-alpha-channel-opacity\">\n\n\n\n<p class=\"has-text-align-center\"><a rel=\"noreferrer noopener\" href=\"https:\/\/www.profartspla.site\/attachments\/article\/122\/telephone.jpg\" target=\"_blank\">Voir affiche dans la salle d&rsquo;arts plastiques et la galerie concernant l&rsquo;usage du t&eacute;l&eacute;phone en classe.<\/a><\/p>\n\n\n\n<hr class=\"wp-block-separator has-alpha-channel-opacity\">\n\n\n\n<div style=\"height:100px\" aria-hidden=\"true\" class=\"wp-block-spacer\"><\/div>\n\n\n\n<figure class=\"wp-block-image size-large\"><img data-recalc-dims=\"1\" decoding=\"async\" src=\"https:\/\/i0.wp.com\/www.profartspla.site\/images\/prog\/01.png?w=925&#038;ssl=1\" alt=\"\"\/><\/figure>\n\n\n\n<p class=\"has-text-align-center\"><span style=\"font-size: small;\"><span style=\"font-size: small;\"><\/span><\/span><\/p>\n\n\n\n<figure class=\"wp-block-table aligncenter\"><table><tbody><tr><td class=\"has-text-align-center\" data-align=\"center\"><strong>En cliquant sur le titre de chaque <a class=\"glossaryLink\"  aria-describedby=\"tt\"  data-cmtooltip=\"cmtt_00e1dcd087643be50967bd2050b29be5\"  href=\"https:\/\/www.profartspla.site\/wordpress\/Dictionnaire\/exposition\/\"  target=\"_blank\"  data-gt-translate-attributes='[{\"attribute\":\"data-cmtooltip\", \"format\":\"html\"}]' tabindex='0' role='link'>exposition<\/a>, vous pourrez d&eacute;couvrir le travail propos&eacute; aux &eacute;l&egrave;ves, leurs r&eacute;alisations, quelques photographies et\/ou vid&eacute;os des expositions et des diff&eacute;rents vernissages ou interventions. <\/strong><\/td><\/tr><tr><td class=\"has-text-align-center\" data-align=\"center\"><a title=\"D&eacute;tails en cliquant\" href=\"index.php\/cours\/autres-tous-niveaux\/129-la-pratique-de-la-marche-en-avant\" rel=\"alternate\"><img data-recalc-dims=\"1\" decoding=\"async\" src=\"https:\/\/i0.wp.com\/www.profartspla.site\/images\/prog\/02.png?w=790&#038;ssl=1\" alt=\"\" \/><\/a><\/td><\/tr><tr><td class=\"has-text-align-center\" data-align=\"center\"><a title=\"Semaine de la presse\" href=\"index.php\/cours\/autres-tous-niveaux\/135-semaine-de-la-presse-a-madib-art\" rel=\"alternate\"><img data-recalc-dims=\"1\" loading=\"lazy\" decoding=\"async\" src=\"https:\/\/i0.wp.com\/www.profartspla.site\/images\/prog\/03.png?resize=791%2C161&#038;ssl=1\" alt=\"\" width=\"791\" height=\"161\"\/><\/a><\/td><\/tr><tr><td class=\"has-text-align-center\" data-align=\"center\"><a title=\"D&eacute;tails en cliquant\" href=\"index.php\/cours\/autres-tous-niveaux\/136-moiaussijyetais\" rel=\"alternate\"><img data-recalc-dims=\"1\" loading=\"lazy\" decoding=\"async\" src=\"https:\/\/i0.wp.com\/www.profartspla.site\/images\/prog\/04.png?resize=790%2C159&#038;ssl=1\" alt=\"\" width=\"790\" height=\"159\"\/><\/a><\/td><\/tr><tr><td class=\"has-text-align-center\" data-align=\"center\"><a title=\"D&eacute;tails en cliquant\" href=\"index.php\/cours\/autres-tous-niveaux\/144-exposition-des-peintures-de-magali-gauthier\" rel=\"alternate\"><img data-recalc-dims=\"1\" loading=\"lazy\" decoding=\"async\" src=\"https:\/\/i0.wp.com\/www.profartspla.site\/images\/prog\/05.png?resize=791%2C149&#038;ssl=1\" alt=\"\" width=\"791\" height=\"149\"\/><\/a><\/td><\/tr><tr><td class=\"has-text-align-center\" data-align=\"center\"><a title=\"D&eacute;tails en cliquant\" href=\"index.php\/cours\/autres-tous-niveaux\/137-les-petits-laboratoires-de-l-image-et-le-frac-lorraine\" rel=\"alternate\"><img data-recalc-dims=\"1\" loading=\"lazy\" decoding=\"async\" src=\"https:\/\/i0.wp.com\/www.profartspla.site\/images\/prog\/06.png?resize=794%2C158&#038;ssl=1\" alt=\"\" width=\"794\" height=\"158\"\/><\/a><\/td><\/tr><\/tbody><\/table><\/figure>\n\n\n\n<figure class=\"wp-block-image size-large\"><a href=\"mailto:cbourdenet@ac-nancy-metz.fr\" target=\"_blank\" rel=\"alternate noopener\"><img data-recalc-dims=\"1\" decoding=\"async\" src=\"https:\/\/i0.wp.com\/www.profartspla.site\/images\/prog\/07.png?w=925&#038;ssl=1\" alt=\"\"\/><\/a><\/figure>\n\n\n\n<p class=\"has-text-align-center\"><\/p>\n","protected":false},"excerpt":{"rendered":"<p>Cette page centralise tous les documents relatifs \u00e0 ce projet. Fabrication des cimaises en carton alv\u00e9ol\u00e9 : Album photo montrant les \u00e9tapes de la fabrication : Le projet en images : \u00a0\u00a0 Utilisation de SWAY comme outil de m\u00e9diation culturelle par et pour les \u00e9l\u00e8ves : explications Voir affiche dans la salle d&rsquo;arts plastiques et &hellip; <\/p>\n","protected":false},"author":1,"featured_media":11384,"comment_status":"closed","ping_status":"closed","sticky":false,"template":"elementor_header_footer","format":"standard","meta":{"_jetpack_memberships_contains_paid_content":false,"footnotes":""},"categories":[109,3,11,10,9,8],"tags":[649,181,161,902,416],"class_list":["post-122","post","type-post","status-publish","format-standard","has-post-thumbnail","hentry","category-college","category-cours","category-niveau-3","category-niveau-4","category-niveau-5","category-niveu-6","tag-daac","tag-exposition","tag-galerie","tag-lieu-dart-et-de-culture-2","tag-partenariat"],"jetpack_featured_media_url":"https:\/\/i0.wp.com\/www.profartspla.site\/wordpress\/wp-content\/uploads\/2017\/04\/madibart-e1672678808666.png?fit=200%2C127&ssl=1","jetpack_sharing_enabled":true,"_links":{"self":[{"href":"https:\/\/www.profartspla.site\/wordpress\/wp-json\/wp\/v2\/posts\/122","targetHints":{"allow":["GET"]}}],"collection":[{"href":"https:\/\/www.profartspla.site\/wordpress\/wp-json\/wp\/v2\/posts"}],"about":[{"href":"https:\/\/www.profartspla.site\/wordpress\/wp-json\/wp\/v2\/types\/post"}],"author":[{"embeddable":true,"href":"https:\/\/www.profartspla.site\/wordpress\/wp-json\/wp\/v2\/users\/1"}],"replies":[{"embeddable":true,"href":"https:\/\/www.profartspla.site\/wordpress\/wp-json\/wp\/v2\/comments?post=122"}],"version-history":[{"count":8,"href":"https:\/\/www.profartspla.site\/wordpress\/wp-json\/wp\/v2\/posts\/122\/revisions"}],"predecessor-version":[{"id":11382,"href":"https:\/\/www.profartspla.site\/wordpress\/wp-json\/wp\/v2\/posts\/122\/revisions\/11382"}],"wp:featuredmedia":[{"embeddable":true,"href":"https:\/\/www.profartspla.site\/wordpress\/wp-json\/wp\/v2\/media\/11384"}],"wp:attachment":[{"href":"https:\/\/www.profartspla.site\/wordpress\/wp-json\/wp\/v2\/media?parent=122"}],"wp:term":[{"taxonomy":"category","embeddable":true,"href":"https:\/\/www.profartspla.site\/wordpress\/wp-json\/wp\/v2\/categories?post=122"},{"taxonomy":"post_tag","embeddable":true,"href":"https:\/\/www.profartspla.site\/wordpress\/wp-json\/wp\/v2\/tags?post=122"}],"curies":[{"name":"wp","href":"https:\/\/api.w.org\/{rel}","templated":true}]}}