{"id":208,"date":"2017-03-30T11:52:48","date_gmt":"2017-03-30T09:52:48","guid":{"rendered":"https:\/\/www.profartspla.site\/wordpress\/petits-labo2017\/"},"modified":"2026-02-14T21:07:50","modified_gmt":"2026-02-14T20:07:50","slug":"petits-labo2017","status":"publish","type":"post","link":"https:\/\/www.profartspla.site\/wordpress\/2017\/03\/30\/petits-labo2017\/","title":{"rendered":"Les Petits Laboratoires de l&rsquo;Image"},"content":{"rendered":"<h3 class=\"wp-block-heading\">Voir le d&eacute;tail du projet en pi&egrave;ce jointe (<a href=\"https:\/\/www.profartspla.site\/attachments\/article\/208\/fiche-d-inscription-2016-2017_petitslabos_verny_bourdenet.pdf\" target=\"_blank\" rel=\"noreferrer noopener\">&agrave; t&eacute;l&eacute;charger ici<\/a>)<\/h3>\n\n\n\n<p><strong>Etape 1<\/strong><\/p>\n\n\n\n<p><strong>Interventions de deux &eacute;tudiantes en &eacute;cole d&rsquo;art : &eacute;l&egrave;ves de CM2 des &eacute;coles d&rsquo;Orny, Solgne et Verny et de 6&deg; du Coll&egrave;ge de Verny<br><\/strong><\/p>\n\n\n\n<iframe loading=\"lazy\" src=\"https:\/\/onedrive.live.com\/embed?cid=435CFFAA0495B0C1&amp;resid=435CFFAA0495B0C1%2125227&amp;authkey=ABlkJdgK-kWR45Q\" width=\"165\" height=\"128\" frameborder=\"0\" scrolling=\"no\"><\/iframe>\n\n\n\n<p><strong>Etape 2<br><\/strong><\/p>\n\n\n\n<p><strong>Autobiographie comme mensonge : <a class=\"glossaryLink\"  aria-describedby=\"tt\"  data-cmtooltip=\"cmtt_906c1d5c0c2747756575b56588385d79\"  href=\"https:\/\/www.profartspla.site\/wordpress\/Dictionnaire\/planche-de-projet\/\"  target=\"_blank\"  data-gt-translate-attributes='[{\"attribute\":\"data-cmtooltip\", \"format\":\"html\"}]' tabindex='0' role='link'>projet<\/a> et interventions d&rsquo;Anne Delrez, de la Conserverie, dans les &eacute;coles d&rsquo;Orny, Solgne et le coll&egrave;ge de Verny<br><\/strong><\/p>\n\n\n\n<p><strong><a class=\"glossaryLink\"  aria-describedby=\"tt\"  data-cmtooltip=\"cmtt_00e1dcd087643be50967bd2050b29be5\"  href=\"https:\/\/www.profartspla.site\/wordpress\/Dictionnaire\/exposition\/\"  target=\"_blank\"  data-gt-translate-attributes='[{\"attribute\":\"data-cmtooltip\", \"format\":\"html\"}]' tabindex='0' role='link'>Exposition<\/a> des textes et photographies &agrave; la Basilique Saint Vincent, Metz du 12 mai au 10 juin.<\/strong><\/p>\n\n\n\n<iframe loading=\"lazy\" src=\"https:\/\/onedrive.live.com\/embed?cid=435CFFAA0495B0C1&amp;resid=435CFFAA0495B0C1%2139808&amp;authkey=APNLHk6y-siHLLs\" width=\"165\" height=\"128\" frameborder=\"0\" scrolling=\"no\"><\/iframe>\n\n\n\n<p><\/p>\n\n\n\n<p><strong>Date des interventions :<\/strong><\/p>\n\n\n\n<p>Ecole d&rsquo;Orny 21 mars de 8 h 10 &agrave; 10 h<br>Ecole de Solgne 21 mars de 10 h 10 &agrave; 12 h<br>6&deg; du coll&egrave;ge Nelson Mandela de 8 h &agrave; 11 h<\/p>\n\n\n\n<p>Intervention d&rsquo;Anne Delrez afin de pr&eacute;senter le <a class=\"glossaryLink\"  aria-describedby=\"tt\"  data-cmtooltip=\"cmtt_906c1d5c0c2747756575b56588385d79\"  href=\"https:\/\/www.profartspla.site\/wordpress\/Dictionnaire\/planche-de-projet\/\"  target=\"_blank\"  data-gt-translate-attributes='[{\"attribute\":\"data-cmtooltip\", \"format\":\"html\"}]' tabindex='0' role='link'>projet<\/a> (explications sur ce qu&rsquo;est la <a class=\"glossaryLink\"  aria-describedby=\"tt\"  data-cmtooltip=\"cmtt_3a81c03419b3410324fd4376f485f343\"  href=\"https:\/\/www.profartspla.site\/wordpress\/Dictionnaire\/photographie\/\"  target=\"_blank\"  data-gt-translate-attributes='[{\"attribute\":\"data-cmtooltip\", \"format\":\"html\"}]' tabindex='0' role='link'>photographie<\/a> de famille, l&rsquo;autobiographie, le souvenir et la Conserverie). <br>Puis, chaque &eacute;l&egrave;ve tire au sort 5 images dans le stock rapport&eacute; (fonds photographiques). <br>1 seule est choisie par l&rsquo;&eacute;l&egrave;ve et conserv&eacute;e. <br>L&rsquo;&eacute;l&egrave;ve invente un &laquo;&nbsp;faux&nbsp;&raquo; souvenir &agrave; partir de cette <a class=\"glossaryLink\"  aria-describedby=\"tt\"  data-cmtooltip=\"cmtt_32115a200381ae17929ebaf3b6ae4e91\"  href=\"https:\/\/www.profartspla.site\/wordpress\/Dictionnaire\/image\/\"  target=\"_blank\"  data-gt-translate-attributes='[{\"attribute\":\"data-cmtooltip\", \"format\":\"html\"}]' tabindex='0' role='link'>image<\/a> sous <a class=\"glossaryLink\"  aria-describedby=\"tt\"  data-cmtooltip=\"cmtt_bd3e84694ad1543301a9f20d5e375742\"  href=\"https:\/\/www.profartspla.site\/wordpress\/Dictionnaire\/forme\/\"  target=\"_blank\"  data-gt-translate-attributes='[{\"attribute\":\"data-cmtooltip\", \"format\":\"html\"}]' tabindex='0' role='link'>forme<\/a> &eacute;crite.<\/p>\n\n\n\n<p><strong>Etape 3<br><\/strong><\/p>\n\n\n\n<p><strong><a class=\"glossaryLink\"  aria-describedby=\"tt\"  data-cmtooltip=\"cmtt_33f15c44847d0b7d6f354ffe8f68ed4a\"  href=\"https:\/\/www.profartspla.site\/wordpress\/Dictionnaire\/immersive\/\"  target=\"_blank\"  data-gt-translate-attributes='[{\"attribute\":\"data-cmtooltip\", \"format\":\"html\"}]' tabindex='0' role='link'>Immersion<\/a> des &eacute;l&egrave;ves de CM2 des &eacute;coles d&rsquo;Orny et Solgne au coll&egrave;ge et <a class=\"glossaryLink\"  aria-describedby=\"tt\"  data-cmtooltip=\"cmtt_b91509523c478d802df304ca176e3e22\"  href=\"https:\/\/www.profartspla.site\/wordpress\/Dictionnaire\/scenographie\/\"  target=\"_blank\"  data-gt-translate-attributes='[{\"attribute\":\"data-cmtooltip\", \"format\":\"html\"}]' tabindex='0' role='link'>sc&eacute;nographie<\/a> pour les portes ouvertes du coll&egrave;ge<\/strong><\/p>\n\n\n\n<p><a class=\"glossaryLink\"  aria-describedby=\"tt\"  data-cmtooltip=\"cmtt_00e1dcd087643be50967bd2050b29be5\"  href=\"https:\/\/www.profartspla.site\/wordpress\/Dictionnaire\/exposition\/\"  target=\"_blank\"  data-gt-translate-attributes='[{\"attribute\":\"data-cmtooltip\", \"format\":\"html\"}]' tabindex='0' role='link'>Exposition<\/a> des travaux des &eacute;l&egrave;ves de CM2 des &eacute;coles d&rsquo;Orny, Solgne et Verny et de 6&deg; du Coll&egrave;ge de Verny<\/p>\n","protected":false},"excerpt":{"rendered":"<p>Voir le d\u00e9tail du projet en pi\u00e8ce jointe (\u00e0 t\u00e9l\u00e9charger ici) Etape 1 Interventions de deux \u00e9tudiantes en \u00e9cole d&rsquo;art : \u00e9l\u00e8ves de CM2 des \u00e9coles d&rsquo;Orny, Solgne et Verny et de 6\u00b0 du Coll\u00e8ge de Verny Etape 2 Autobiographie comme mensonge : projet et interventions d&rsquo;Anne Delrez, de la Conserverie, dans les \u00e9coles d&rsquo;Orny, &hellip; <\/p>\n","protected":false},"author":1,"featured_media":0,"comment_status":"closed","ping_status":"closed","sticky":false,"template":"","format":"standard","meta":{"_jetpack_memberships_contains_paid_content":false,"footnotes":""},"categories":[8],"tags":[141],"class_list":["post-208","post","type-post","status-publish","format-standard","hentry","category-niveu-6","tag-sequence"],"jetpack_featured_media_url":"","jetpack_sharing_enabled":true,"_links":{"self":[{"href":"https:\/\/www.profartspla.site\/wordpress\/wp-json\/wp\/v2\/posts\/208","targetHints":{"allow":["GET"]}}],"collection":[{"href":"https:\/\/www.profartspla.site\/wordpress\/wp-json\/wp\/v2\/posts"}],"about":[{"href":"https:\/\/www.profartspla.site\/wordpress\/wp-json\/wp\/v2\/types\/post"}],"author":[{"embeddable":true,"href":"https:\/\/www.profartspla.site\/wordpress\/wp-json\/wp\/v2\/users\/1"}],"replies":[{"embeddable":true,"href":"https:\/\/www.profartspla.site\/wordpress\/wp-json\/wp\/v2\/comments?post=208"}],"version-history":[{"count":2,"href":"https:\/\/www.profartspla.site\/wordpress\/wp-json\/wp\/v2\/posts\/208\/revisions"}],"predecessor-version":[{"id":27989,"href":"https:\/\/www.profartspla.site\/wordpress\/wp-json\/wp\/v2\/posts\/208\/revisions\/27989"}],"wp:attachment":[{"href":"https:\/\/www.profartspla.site\/wordpress\/wp-json\/wp\/v2\/media?parent=208"}],"wp:term":[{"taxonomy":"category","embeddable":true,"href":"https:\/\/www.profartspla.site\/wordpress\/wp-json\/wp\/v2\/categories?post=208"},{"taxonomy":"post_tag","embeddable":true,"href":"https:\/\/www.profartspla.site\/wordpress\/wp-json\/wp\/v2\/tags?post=208"}],"curies":[{"name":"wp","href":"https:\/\/api.w.org\/{rel}","templated":true}]}}