{"id":24620,"date":"2026-02-28T16:06:15","date_gmt":"2026-02-28T15:06:15","guid":{"rendered":"https:\/\/www.profartspla.site\/wordpress\/?p=24620"},"modified":"2026-03-02T08:29:39","modified_gmt":"2026-03-02T07:29:39","slug":"pyramide-louvre-jr-bolin-focus-sur-une-oeuvre-pour-reviser","status":"publish","type":"post","link":"https:\/\/www.profartspla.site\/wordpress\/2026\/02\/28\/pyramide-louvre-jr-bolin-focus-sur-une-oeuvre-pour-reviser\/","title":{"rendered":"La Pyramide de JR et la performance r\u00e9alis\u00e9e par JR et Liu Bolin : Focus sur une oeuvre pour r\u00e9viser&#8230;"},"content":{"rendered":"<div style=\"height:100px\" aria-hidden=\"true\" class=\"wp-block-spacer\"><\/div>\n\n\n\n<p class=\"has-text-align-center wp-block-paragraph\"><strong><a href=\"https:\/\/www.jr-art.net\/fr\/projects\/jr-au-louvre\">https:\/\/www.jr-art.net\/fr\/projects\/jr-au-louvre<\/a> : consulter le site officiel de l&rsquo;<a class=\"glossaryLink\" title=\"Dico : Artiste\" aria-describedby=\"tt\" data-cmtooltip=\"&lt;div class=glossaryItemTitle&gt;Artiste&lt;\/div&gt;&lt;div class=glossaryItemBody&gt;&amp;lt;strong&amp;gt;Artiste&amp;lt;\/strong&amp;gt;&amp;lt;br\/&amp;gt;Le mot &laquo;&nbsp;artiste&nbsp;&raquo; vient du latin &amp;lt;em&amp;gt;artista&amp;lt;\/em&amp;gt;, qui lui-m&ecirc;me d&eacute;rive de &amp;lt;em&amp;gt;ars, artis&amp;lt;\/em&amp;gt;, signifiant &laquo;&nbsp;art&nbsp;&raquo; ou &laquo;&nbsp;habilet&eacute;&nbsp;&raquo;.&amp;lt;br\/&amp;gt;&amp;lt;figure class=&amp;quot;wp-block-image size-large&amp;quot;&amp;gt;&amp;lt;\/figure&amp;gt;&amp;lt;div style=&amp;quot;height:100px&amp;quot; aria-hidden=&amp;quot;true&amp;quot; class=&amp;quot;wp-block-spacer&amp;quot;&amp;gt;&amp;lt;\/div&amp;gt;&amp;quot;Celui qui travaille avec ses mains est un ouvrier.&amp;lt;br&amp;gt;Celui qui travaille avec ses mains et sa t&ecirc;te est un artisan.&amp;lt;br&amp;gt;Celui qui travaille avec ses mains et sa t&ecirc;te et son c&oelig;ur est(...) &lt;a class=glossaryTooltipMoreLink href=https:\/\/www.profartspla.site\/wordpress\/Dictionnaire\/artiste\/  target=_blank&gt;Term details&lt;\/a&gt;&lt;\/div&gt;\" href=\"https:\/\/www.profartspla.site\/wordpress\/Dictionnaire\/artiste\/\" target=\"_blank\" data-gt-translate-attributes='[{\"attribute\":\"data-cmtooltip\", \"format\":\"html\"}]' tabindex=\"0\" role=\"link\">artiste<\/a> JR<\/strong><\/p>\n\n\n\n<div class=\"wp-block-columns is-layout-flex wp-container-core-columns-is-layout-8f761849 wp-block-columns-is-layout-flex\">\n<div class=\"wp-block-column is-layout-flow wp-block-column-is-layout-flow\">\n\t\t<figure class=\"wp-block-jetpack-videopress jetpack-videopress-player\" style=\"\">\n\t\t\t<div class=\"jetpack-videopress-player__wrapper\"> <div class=\"jetpack-video-wrapper\"><iframe title=\"VideoPress Video Player\" aria-label=\"VideoPress Video Player\" width=\"925\" height=\"520\" src=\"https:\/\/videopress.com\/embed\/EEjTGiFd?cover=1&amp;autoPlay=0&amp;controls=1&amp;loop=0&amp;muted=0&amp;persistVolume=1&amp;playsinline=0&amp;preloadContent=metadata&amp;useAverageColor=1&amp;posterUrl=https%3A%2F%2Fvideos.files.wordpress.com%2FEEjTGiFd%2Fbehind-the-scene-jr-liu-bolin-at-the-louvre_mp4.scrubthumb.jpg&amp;hd=0\" frameborder=\"0\" allowfullscreen data-resize-to-parent=\"true\" allow=\"clipboard-write\"><\/iframe><script src='https:\/\/v0.wordpress.com\/js\/next\/videopress-iframe.js?m=1770107250'><\/script><\/div><\/div>\n\t\t\t<figcaption><a href=\"https:\/\/videopress.com\/v\/EEjTGiFd\" target=\"_blank\" rel=\"noreferrer noopener\">https:\/\/videopress.com\/v\/EEjTGiFd<\/a><\/figcaption>\n\t\t\t\n\t\t<\/figure>\n\t\t<\/div>\n\n\n\n<div class=\"wp-block-column is-layout-flow wp-block-column-is-layout-flow\">\n\t\t<figure class=\"wp-block-jetpack-videopress jetpack-videopress-player\" style=\"\">\n\t\t\t<div class=\"jetpack-videopress-player__wrapper\"> <div class=\"jetpack-video-wrapper\"><iframe title=\"VideoPress Video Player\" aria-label=\"VideoPress Video Player\" width=\"925\" height=\"520\" src=\"https:\/\/videopress.com\/embed\/3R92y6KE?cover=1&amp;autoPlay=0&amp;controls=1&amp;loop=0&amp;muted=0&amp;persistVolume=1&amp;playsinline=0&amp;preloadContent=metadata&amp;useAverageColor=1&amp;posterUrl=https%3A%2F%2Fvideos.files.wordpress.com%2F3R92y6KE%2Foeuvresjr_mp4.scrubthumb.jpg&amp;hd=0\" frameborder=\"0\" allowfullscreen data-resize-to-parent=\"true\" allow=\"clipboard-write\"><\/iframe><script src='https:\/\/v0.wordpress.com\/js\/next\/videopress-iframe.js?m=1770107250'><\/script><\/div><\/div>\n\t\t\t<figcaption><a href=\"https:\/\/videopress.com\/v\/3R92y6KE\" target=\"_blank\" rel=\"noreferrer noopener\">https:\/\/videopress.com\/v\/3R92y6KE<\/a><\/figcaption>\n\t\t\t\n\t\t<\/figure>\n\t\t<\/div>\n<\/div>\n\n\n\n<p class=\"has-text-align-center has-luminous-vivid-amber-background-color has-background has-medium-font-size wp-block-paragraph\"><strong>La&nbsp;<a class=\"glossaryLink\" title=\"Dico : Pr&eacute;sentation\" aria-describedby=\"tt\" data-cmtooltip=\"&lt;div class=glossaryItemTitle&gt;Pr&eacute;sentation&lt;\/div&gt;&lt;div class=glossaryItemBody&gt;&amp;lt;strong&amp;gt;Pr&eacute;sentation&amp;lt;\/strong&amp;gt;&amp;lt;br\/&amp;gt;Voir aussi &agrave; repr&eacute;sentation. Ces deux mots ne s&amp;#039;opposent pas, ils se compl&egrave;tent.&amp;lt;br\/&amp;gt;&amp;lt;iframe src=&amp;quot;https:\/\/prezi.com\/p\/embed\/FJ3FGiZD89Tm9Htfus0F\/&amp;quot; id=&amp;quot;iframe_container&amp;quot; frameborder=&amp;quot;0&amp;quot; webkitallowfullscreen=&amp;quot;&amp;quot; mozallowfullscreen=&amp;quot;&amp;quot; allowfullscreen=&amp;quot;&amp;quot; allow=&amp;quot;autoplay; fullscreen&amp;quot; height=&amp;quot;600&amp;quot; width=&amp;quot;100%&amp;quot;&amp;gt;&amp;lt;\/iframe&amp;gt;https:\/\/prezi.com\/p\/edit\/zkuz2-clu-cd\/ ou https:\/\/prezi.com\/view\/Hvbdjc0zPcqWN4SrfHQZ\/&amp;lt;br\/&amp;gt;&amp;lt;iframe id=&amp;quot;iframe_container&amp;quot; webkitallowfullscreen=&amp;quot;&amp;quot; mozallowfullscreen=&amp;quot;&amp;quot; allowfullscreen=&amp;quot;&amp;quot; src=&amp;quot;https:\/\/prezi.com\/embed\/ddukgxg4lyj2\/?bgcolor=ffffff&amp;amp;lock_to_path=0&amp;amp;autoplay=0&amp;amp;autohide_ctrls=0&amp;amp;landing_data=bHVZZmNaNDBIWnNjdEVENDRhZDFNZGNIUE43MHdLNWpsdFJLb2ZHanI5ejdzbjJFckM1SVc1Rm85OXBDY25nV3RRPT0&amp;amp;landing_sign=lVFjFanM2m6NZlwvTVPdgWUC15KdWo4fCYrx1s4mmoU&amp;quot; width=&amp;quot;100%&amp;quot; height=&amp;quot;600&amp;quot; frameborder=&amp;quot;0&amp;quot;&amp;gt;&amp;lt;\/iframe&amp;gt;&amp;lt;iframe src=&amp;quot;https:\/\/onedrive.live.com\/embed?cid=435CFFAA0495B0C1&amp;amp;resid=435CFFAA0495B0C1%2144752&amp;amp;authkey=AI9GjeojCHKIXw8&amp;amp;em=2&amp;quot; width=&amp;quot;100%&amp;quot; height=&amp;quot;900&amp;quot; frameborder=&amp;quot;0&amp;quot; scrolling=&amp;quot;no&amp;quot;&amp;gt;&amp;lt;\/iframe&amp;gt;&amp;lt;strong&amp;gt;Merci &agrave; Fred pour ce prezi : https:\/\/prezi.com\/user\/ouhk3hxwf44x\/ &amp;lt;\/strong&amp;gt;&amp;lt;br\/&amp;gt;&amp;lt;span style=&amp;quot;border-radius: 2px; text-indent: 20px; width: auto; padding: 0px 4px 0px 0px; text-align: center; font: bold 11px\/20px &amp;#039;Helvetica Neue&amp;#039;,Helvetica,sans-serif; color: #ffffff; background: #bd081c  no-repeat scroll 3px 50% \/ 14px 14px; position: absolute; opacity: 1; z-index: 8675309; display: none; cursor: pointer; top: 5325px; left: 18px;&amp;quot;&amp;gt;Enregistrer&amp;lt;\/span&amp;gt;&amp;lt;br\/&amp;gt;&amp;lt;span style=&amp;quot;border-radius: 2px; text-indent: 20px; width: auto; padding: 0px 4px 0px 0px; text-align: center; font: bold 11px\/20px &amp;#039;Helvetica Neue&amp;#039;,Helvetica,sans-serif; color: #ffffff; background: #bd081c  no-repeat scroll 3px 50% \/ 14px 14px; position: absolute; opacity: 1; z-index: 8675309; display: none; cursor: pointer; top: 3251px; left: 18px;&amp;quot;&amp;gt;Enregistrer&amp;lt;\/span&amp;gt;&amp;lt;br\/&amp;gt;&amp;lt;span style=&amp;quot;border-radius: 2px; text-indent: 20px; width: auto; padding: 0px 4px 0px 0px; text-align: center; font: bold 11px\/20px &amp;#039;Helvetica Neue&amp;#039;,Helvetica,sans-serif; color: #ffffff; background: #bd081c  no-repeat scroll 3px 50% \/ 14px 14px; position: absolute; opacity: 1; z-index: 8675309; display: none; cursor: pointer; top: 5396px; left: 18px;&amp;quot;&amp;gt;Enregistrer&amp;lt;\/span&amp;gt;&amp;lt;br\/&amp;gt;&amp;lt;span style=&amp;quot;border-radius: 2px; text-indent: 20px; width: auto; padding: 0px 4px 0px 0px; text-align: center; font: bold 11px\/20px &amp;#039;Helvetica Neue&amp;#039;,Helvetica,sans-serif; color: #ffffff; background: #bd081c  no-repeat scroll 3px 50% \/ 14px 14px; position: absolute; opacity: 1; z-index: 8675309; display: none; cursor: pointer;&amp;quot;&amp;gt;Enregistrer&amp;lt;\/span&amp;gt;&amp;lt;br\/&amp;gt;&amp;lt;span style=&amp;quot;border-radius: 2px; text-indent: 20px; width: auto; padding: 0px 4px 0px 0px; text-align: center; font: bold 11px\/20px &amp;#039;Helvetica Neue&amp;#039;,Helvetica,sans-serif; color: #ffffff; background: #bd081c  no-repeat scroll 3px 50% \/ 14px 14px; position: absolute; opacity: 1; z-index: 8675309; display: none; cursor: pointer; top: 230px; left:(...)&amp;lt;\/span&amp;gt; &lt;a class=glossaryTooltipMoreLink href=https:\/\/www.profartspla.site\/wordpress\/Dictionnaire\/presentation\/  target=_blank&gt;Term details&lt;\/a&gt;&lt;\/div&gt;\" href=\"https:\/\/www.profartspla.site\/wordpress\/Dictionnaire\/presentation\/\" target=\"_blank\" data-gt-translate-attributes='[{\"attribute\":\"data-cmtooltip\", \"format\":\"html\"}]' tabindex=\"0\" role=\"link\">pr&eacute;sentation<\/a>&nbsp;de l&rsquo;&oelig;uvre.&nbsp;<br><strong>Sollicitation du&nbsp;<a class=\"glossaryLink\" title=\"Dico : Statut du spectateur\" aria-describedby=\"tt\" data-cmtooltip=\"&lt;div class=glossaryItemTitle&gt;Statut du spectateur&lt;\/div&gt;&lt;div class=glossaryItemBody&gt;&amp;lt;strong&amp;gt;&amp;nbsp;Statut du spectateur&amp;lt;\/strong&amp;gt;&amp;lt;br\/&amp;gt;Oeuvre, artiste, espace et spectateur sont en constant dialogue. Du&amp;lt;strong&amp;gt; large public&amp;lt;\/strong&amp;gt; au &amp;lt;strong&amp;gt;critique d&amp;#039;art&amp;lt;\/strong&amp;gt; &amp;lt;strong&amp;gt;sp&eacute;cialiste&amp;lt;\/strong&amp;gt;, comment se d&eacute;cline la posture du spectateur ? Simple passant, visiteur occasionnel ou impr&eacute;vu, spectateur, inconditionnel de l&amp;#039;art, ... Le spectateur peut &ecirc;tre(...) &lt;a class=glossaryTooltipMoreLink href=https:\/\/www.profartspla.site\/wordpress\/Dictionnaire\/statut-du-spectateur\/  target=_blank&gt;Term details&lt;\/a&gt;&lt;\/div&gt;\" href=\"https:\/\/www.profartspla.site\/wordpress\/Dictionnaire\/statut-du-spectateur\/\" target=\"_blank\" data-gt-translate-attributes='[{\"attribute\":\"data-cmtooltip\", \"format\":\"html\"}]' tabindex=\"0\" role=\"link\">spectateur<\/a><\/strong>&nbsp;: strat&eacute;gies et vis&eacute;es de l&rsquo;<a class=\"glossaryLink\" title=\"Dico : Artiste\" aria-describedby=\"tt\" data-cmtooltip=\"&lt;div class=glossaryItemTitle&gt;Artiste&lt;\/div&gt;&lt;div class=glossaryItemBody&gt;&amp;lt;strong&amp;gt;Artiste&amp;lt;\/strong&amp;gt;&amp;lt;br\/&amp;gt;Le mot &laquo;&nbsp;artiste&nbsp;&raquo; vient du latin &amp;lt;em&amp;gt;artista&amp;lt;\/em&amp;gt;, qui lui-m&ecirc;me d&eacute;rive de &amp;lt;em&amp;gt;ars, artis&amp;lt;\/em&amp;gt;, signifiant &laquo;&nbsp;art&nbsp;&raquo; ou &laquo;&nbsp;habilet&eacute;&nbsp;&raquo;.&amp;lt;br\/&amp;gt;&amp;lt;figure class=&amp;quot;wp-block-image size-large&amp;quot;&amp;gt;&amp;lt;\/figure&amp;gt;&amp;lt;div style=&amp;quot;height:100px&amp;quot; aria-hidden=&amp;quot;true&amp;quot; class=&amp;quot;wp-block-spacer&amp;quot;&amp;gt;&amp;lt;\/div&amp;gt;&amp;quot;Celui qui travaille avec ses mains est un ouvrier.&amp;lt;br&amp;gt;Celui qui travaille avec ses mains et sa t&ecirc;te est un artisan.&amp;lt;br&amp;gt;Celui qui travaille avec ses mains et sa t&ecirc;te et son c&oelig;ur est(...) &lt;a class=glossaryTooltipMoreLink href=https:\/\/www.profartspla.site\/wordpress\/Dictionnaire\/artiste\/  target=_blank&gt;Term details&lt;\/a&gt;&lt;\/div&gt;\" href=\"https:\/\/www.profartspla.site\/wordpress\/Dictionnaire\/artiste\/\" target=\"_blank\" data-gt-translate-attributes='[{\"attribute\":\"data-cmtooltip\", \"format\":\"html\"}]' tabindex=\"0\" role=\"link\">artiste<\/a>&nbsp;ou du&nbsp;<a class=\"glossaryLink\" title=\"Dico : Commissaire d&rsquo;exposition\" aria-describedby=\"tt\" data-cmtooltip=\"&lt;div class=glossaryItemTitle&gt;Commissaire d&rsquo;exposition&lt;\/div&gt;&lt;div class=glossaryItemBody&gt;&amp;lt;strong&amp;gt;Commissaire d&rsquo;exposition&amp;lt;\/strong&amp;gt;&amp;lt;br\/&amp;gt;&amp;lt;strong&amp;gt;Le commissaire d&rsquo;exposition est&amp;nbsp;charg&eacute; de concevoir et organiser une exposition&amp;nbsp;temporaire d&rsquo;oeuvres&amp;nbsp;d&rsquo;art, monographique ou collective. &amp;lt;\/strong&amp;gt;Le commissaire d&eacute;termine le&amp;lt;strong&amp;gt; choix de l&rsquo;artiste&amp;lt;\/strong&amp;gt; ou des artistes&amp;nbsp;ainsi que des&amp;nbsp;oeuvres, la &amp;lt;strong&amp;gt;probl&eacute;matique de l&rsquo;exposition&amp;lt;\/strong&amp;gt;, la &amp;lt;strong&amp;gt;mise en(...)&amp;lt;\/strong&amp;gt; &lt;a class=glossaryTooltipMoreLink href=https:\/\/www.profartspla.site\/wordpress\/Dictionnaire\/commissaire-dexposition\/  target=_blank&gt;Term details&lt;\/a&gt;&lt;\/div&gt;\" href=\"https:\/\/www.profartspla.site\/wordpress\/Dictionnaire\/commissaire-dexposition\/\" target=\"_blank\" data-gt-translate-attributes='[{\"attribute\":\"data-cmtooltip\", \"format\":\"html\"}]' tabindex=\"0\" role=\"link\">commissaire d&rsquo;exposition<\/a>&nbsp;ou du diffuseur (&eacute;diteur, galeriste, etc.)<\/strong><\/p>\n\n\n\n<figure class=\"wp-block-table\"><table class=\"has-fixed-layout\"><tbody><tr><td class=\"has-text-align-left\" data-align=\"left\"><strong>Autres axes pour lesquelles cette oeuvre peut-&ecirc;tre cit&eacute;e en r&eacute;f&eacute;rence personnelle<\/strong> <\/td><td class=\"has-text-align-center\" data-align=\"center\"><strong>Explications :<\/strong><\/td><\/tr><tr><td class=\"has-text-align-left\" data-align=\"left\"><strong><a class=\"glossaryLink\" title=\"Dico : Rapport au r&eacute;el\" aria-describedby=\"tt\" data-cmtooltip=\"&lt;div class=glossaryItemTitle&gt;Rapport au r&eacute;el&lt;\/div&gt;&lt;div class=glossaryItemBody&gt;&amp;lt;strong&amp;gt;Rapport au r&eacute;el&amp;lt;\/strong&amp;gt;&amp;lt;br\/&amp;gt;D&eacute;signe le(s) lien(s) qu&amp;#039;une oeuvre entretient avec le r&eacute;el, qu&amp;#039;il soit son r&eacute;f&eacute;rent (&amp;lt;em&amp;gt;mimesis&amp;lt;\/em&amp;gt;, ressemblance, degr&eacute; d&amp;#039;iconicit&eacute; tr&egrave;s fort), son double (&amp;lt;em&amp;gt;analogon&amp;lt;\/em&amp;gt;, vraisemblance), &eacute;loign&eacute; de sa repr&eacute;sentation (valeur expressive de l&amp;#039;&eacute;cart), totalement absent (abstraction et degr&eacute;(...) &lt;a class=glossaryTooltipMoreLink href=https:\/\/www.profartspla.site\/wordpress\/Dictionnaire\/rapport-reel\/  target=_blank&gt;Term details&lt;\/a&gt;&lt;\/div&gt;\" href=\"https:\/\/www.profartspla.site\/wordpress\/Dictionnaire\/rapport-reel\/\" target=\"_blank\" data-gt-translate-attributes='[{\"attribute\":\"data-cmtooltip\", \"format\":\"html\"}]' tabindex=\"0\" role=\"link\">Rapport au r&eacute;el<\/a><\/strong> : documenter et augmenter le <a class=\"glossaryLink\" title=\"Dico : R&eacute;el\" aria-describedby=\"tt\" data-cmtooltip=\"&lt;div class=glossaryItemTitle&gt;R&eacute;el&lt;\/div&gt;&lt;div class=glossaryItemBody&gt;&amp;lt;strong&amp;gt;R&eacute;el&amp;lt;\/strong&amp;gt;&amp;lt;br\/&amp;gt;&amp;lt;strong&amp;gt;Le r&eacute;el est bien ce qui est et, en tant que tel, un et absolu, identique pour tous. &amp;lt;\/strong&amp;gt;Le r&eacute;el est, par d&eacute;finition, ce qui est. &amp;lt;strong&amp;gt;Mais il ne faut pas le r&eacute;duire &agrave; ce qui est mat&eacute;riel.&amp;lt;\/strong&amp;gt; La lumi&egrave;re, le vent, les sons... sont immat&eacute;riels (on ne peut pas les toucher, les prendre) pourtant ils sont(...) &lt;a class=glossaryTooltipMoreLink href=https:\/\/www.profartspla.site\/wordpress\/Dictionnaire\/reel\/  target=_blank&gt;Term details&lt;\/a&gt;&lt;\/div&gt;\" href=\"https:\/\/www.profartspla.site\/wordpress\/Dictionnaire\/reel\/\" target=\"_blank\" data-gt-translate-attributes='[{\"attribute\":\"data-cmtooltip\", \"format\":\"html\"}]' tabindex=\"0\" role=\"link\">r&eacute;el<\/a><\/td><td class=\"has-text-align-center\" data-align=\"center\"><strong>Illusions d&rsquo;optique<\/strong> avec les photographies coll&eacute;es en <strong><a class=\"glossaryLink\" title=\"Dico : Anamorphose\" aria-describedby=\"tt\" data-cmtooltip=\"&lt;div class=glossaryItemTitle&gt;Anamorphose&lt;\/div&gt;&lt;div class=glossaryItemBody&gt;&amp;lt;strong&amp;gt;Anamorphose&amp;lt;\/strong&amp;gt;&amp;lt;br\/&amp;gt;Repr&eacute;sentation qui, selon l&rsquo;angle de vue traditionnel (par exemple, de face) est d&eacute;form&eacute;e. La perspective est d&eacute;tourn&eacute;e pour cr&eacute;er des images qui se recomposent &agrave; partir d&amp;#039;un seul point de vue pr&eacute;&eacute;tabli.&amp;lt;br\/&amp;gt;Oeuvres en r&eacute;f&eacute;rence :&amp;lt;br\/&amp;gt;&amp;lt;em&amp;gt;&amp;lt;strong&amp;gt;&amp;lt;span style=&amp;quot;text-decoration: underline;&amp;quot;&amp;gt;Les Ambassadeurs&amp;lt;\/span&amp;gt;&amp;lt;\/strong&amp;gt;,&amp;lt;\/em&amp;gt; de&amp;lt;strong&amp;gt; Hans Holbein le Jeune,&amp;lt;\/strong&amp;gt; huile sur bois(...) &lt;a class=glossaryTooltipMoreLink href=https:\/\/www.profartspla.site\/wordpress\/Dictionnaire\/anamorphose\/  target=_blank&gt;Term details&lt;\/a&gt;&lt;\/div&gt;\" href=\"https:\/\/www.profartspla.site\/wordpress\/Dictionnaire\/anamorphose\/\" target=\"_blank\" data-gt-translate-attributes='[{\"attribute\":\"data-cmtooltip\", \"format\":\"html\"}]' tabindex=\"0\" role=\"link\">anamorphoses<\/a><\/strong> sur la Pyramide de l&rsquo;architecte <strong>Ieoh Ming Pei<\/strong>, inaugur&eacute;e en 1989. Reproduction fid&egrave;le du <a class=\"glossaryLink\" title=\"Dico : R&eacute;el\" aria-describedby=\"tt\" data-cmtooltip=\"&lt;div class=glossaryItemTitle&gt;R&eacute;el&lt;\/div&gt;&lt;div class=glossaryItemBody&gt;&amp;lt;strong&amp;gt;R&eacute;el&amp;lt;\/strong&amp;gt;&amp;lt;br\/&amp;gt;&amp;lt;strong&amp;gt;Le r&eacute;el est bien ce qui est et, en tant que tel, un et absolu, identique pour tous. &amp;lt;\/strong&amp;gt;Le r&eacute;el est, par d&eacute;finition, ce qui est. &amp;lt;strong&amp;gt;Mais il ne faut pas le r&eacute;duire &agrave; ce qui est mat&eacute;riel.&amp;lt;\/strong&amp;gt; La lumi&egrave;re, le vent, les sons... sont immat&eacute;riels (on ne peut pas les toucher, les prendre) pourtant ils sont(...) &lt;a class=glossaryTooltipMoreLink href=https:\/\/www.profartspla.site\/wordpress\/Dictionnaire\/reel\/  target=_blank&gt;Term details&lt;\/a&gt;&lt;\/div&gt;\" href=\"https:\/\/www.profartspla.site\/wordpress\/Dictionnaire\/reel\/\" target=\"_blank\" data-gt-translate-attributes='[{\"attribute\":\"data-cmtooltip\", \"format\":\"html\"}]' tabindex=\"0\" role=\"link\">r&eacute;el<\/a> par le <strong><a class=\"glossaryLink\" title=\"Dico : Medium\" aria-describedby=\"tt\" data-cmtooltip=\"&lt;div class=glossaryItemTitle&gt;Medium&lt;\/div&gt;&lt;div class=glossaryItemBody&gt;&amp;lt;strong&amp;gt;Medium&amp;lt;\/strong&amp;gt;&amp;lt;br\/&amp;gt;&amp;lt;em&amp;gt;&amp;lt;strong&amp;gt;Medium&amp;lt;\/strong&amp;gt;&amp;lt;\/em&amp;gt; est en latin m&eacute;di&eacute;val utilis&eacute;  au sens de &laquo;&amp;lt;em&amp;gt;substance, milieu dans lequel a lieu un ph&eacute;nom&egrave;ne&amp;lt;\/em&amp;gt;&raquo;. Comme ce terme est latin, il n&amp;#039;y a pas d&amp;#039;accent sur le &amp;lt;strong&amp;gt;&amp;lt;em&amp;gt;e&amp;lt;\/em&amp;gt;&amp;lt;\/strong&amp;gt;. Il devrait s&amp;#039;&eacute;crire &amp;lt;em&amp;gt;&amp;lt;strong&amp;gt;media&amp;lt;\/strong&amp;gt;&amp;lt;\/em&amp;gt; au pluriel mais par risque de confusion avec les &amp;lt;em&amp;gt;&amp;lt;strong&amp;gt;m&eacute;dias &amp;lt;\/strong&amp;gt;&amp;lt;\/em&amp;gt;(moyens de communication de masse sont la(...) &lt;a class=glossaryTooltipMoreLink href=https:\/\/www.profartspla.site\/wordpress\/Dictionnaire\/medium\/  target=_blank&gt;Term details&lt;\/a&gt;&lt;\/div&gt;\" href=\"https:\/\/www.profartspla.site\/wordpress\/Dictionnaire\/medium\/\" target=\"_blank\" data-gt-translate-attributes='[{\"attribute\":\"data-cmtooltip\", \"format\":\"html\"}]' tabindex=\"0\" role=\"link\">m&eacute;dium<\/a> photographique<\/strong> afin de cr&eacute;er une illusion parfaite et de faire dispara&icirc;tre la Pyramide, &agrave; l&rsquo;&eacute;poque tr&egrave;s critiqu&eacute;e. <a href=\"https:\/\/www.louvre.fr\/decouvrir\/le-palais\/une-pyramide-pour-symbole\" target=\"_blank\" rel=\"noreferrer noopener\">https:\/\/www.louvre.fr\/decouvrir\/le-palais\/une-pyramide-pour-symbole<\/a><\/td><\/tr><tr><td class=\"has-text-align-left\" data-align=\"left\"><strong><a class=\"glossaryLink\" title=\"Dico : Figuration\" aria-describedby=\"tt\" data-cmtooltip=\"&lt;div class=glossaryItemTitle&gt;Figuration&lt;\/div&gt;&lt;div class=glossaryItemBody&gt;&amp;lt;strong&amp;gt;Figuration&amp;lt;\/strong&amp;gt;&amp;lt;br\/&amp;gt;&amp;lt;strong&amp;gt;Tendance artistique qui consiste &agrave; figurer, &agrave; repr&eacute;senter le r&eacute;el (monde sensible) de mani&egrave;re plus ou moins r&eacute;aliste ou naturaliste. &amp;lt;\/strong&amp;gt;&amp;lt;br\/&amp;gt;&amp;lt;strong&amp;gt;Lorsqu&rsquo;une peinture ou une sculpture n&rsquo;est pas figurative, qu&rsquo;elle ne repr&eacute;sente rien d&rsquo;identifiable, de reconnaissable, on dit qu&rsquo;elle est(...)&amp;lt;\/strong&amp;gt; &lt;a class=glossaryTooltipMoreLink href=https:\/\/www.profartspla.site\/wordpress\/Dictionnaire\/figuration\/  target=_blank&gt;Term details&lt;\/a&gt;&lt;\/div&gt;\" href=\"https:\/\/www.profartspla.site\/wordpress\/Dictionnaire\/figuration\/\" target=\"_blank\" data-gt-translate-attributes='[{\"attribute\":\"data-cmtooltip\", \"format\":\"html\"}]' tabindex=\"0\" role=\"link\">Figuration<\/a>&nbsp;et <a class=\"glossaryLink\" title=\"Dico : Construction de l'image\" aria-describedby=\"tt\" data-cmtooltip=\"&lt;div class=glossaryItemTitle&gt;Construction de l&amp;rsquo;image&lt;\/div&gt;&lt;div class=glossaryItemBody&gt;&amp;lt;strong&amp;gt;Dans le dictionnaire usuel &amp;lt;\/strong&amp;gt;:&amp;lt;br\/&amp;gt;Construire : mot emprunt&eacute; du&nbsp;latin&nbsp;&amp;lt;em&amp;gt;construere,&amp;lt;\/em&amp;gt;&nbsp;proprement &laquo;&nbsp;entasser par couches&nbsp;&raquo;, &laquo;&nbsp;b&acirc;tir, &eacute;difier&nbsp;&raquo;. Fabriquer par assemblage d&rsquo;&eacute;l&eacute;ments.&nbsp;&Eacute;laborer, imaginer, constituer un ensemble abstrait. Composer, disposer selon un plan d&eacute;termin&eacute; les divers &eacute;l&eacute;ments d&rsquo;un(...) &lt;a class=glossaryTooltipMoreLink href=https:\/\/www.profartspla.site\/wordpress\/Dictionnaire\/construction-de-limage\/  target=_blank&gt;Term details&lt;\/a&gt;&lt;\/div&gt;\" href=\"https:\/\/www.profartspla.site\/wordpress\/Dictionnaire\/construction-de-limage\/\" target=\"_blank\" data-gt-translate-attributes='[{\"attribute\":\"data-cmtooltip\", \"format\":\"html\"}]' tabindex=\"0\" role=\"link\">construction de l&rsquo;image<\/a><\/strong>&nbsp;:&nbsp;indices de <a class=\"glossaryLink\" title=\"Dico : Temporalit&eacute;\" aria-describedby=\"tt\" data-cmtooltip=\"&lt;div class=glossaryItemTitle&gt;Temporalit&eacute;&lt;\/div&gt;&lt;div class=glossaryItemBody&gt;&amp;lt;strong&amp;gt;Temporalit&eacute;&amp;lt;\/strong&amp;gt;&amp;lt;br\/&amp;gt;&amp;lt;strong&amp;gt;Caract&egrave;re de ce qui est dans le temps, qui a une valeur temporelle.&amp;lt;\/strong&amp;gt;&amp;lt;br\/&amp;gt;&amp;lt;strong&amp;gt;La temporalit&eacute; est le plus souvent con&ccedil;ue comme la manifestation d&amp;#039;une logique historique et continue pass&eacute;, pr&eacute;sent et futur.&amp;lt;\/strong&amp;gt;&amp;lt;br\/&amp;gt;&amp;lt;strong&amp;gt;La dur&eacute;e serait un temps mesurable, dont on a conscience. La temporalit&eacute;, plut&ocirc;t une(...)&amp;lt;\/strong&amp;gt; &lt;a class=glossaryTooltipMoreLink href=https:\/\/www.profartspla.site\/wordpress\/Dictionnaire\/temporalite\/  target=_blank&gt;Term details&lt;\/a&gt;&lt;\/div&gt;\" href=\"https:\/\/www.profartspla.site\/wordpress\/Dictionnaire\/temporalite\/\" target=\"_blank\" data-gt-translate-attributes='[{\"attribute\":\"data-cmtooltip\", \"format\":\"html\"}]' tabindex=\"0\" role=\"link\">temporalit&eacute;<\/a> (<a class=\"glossaryLink\" title=\"Dico : Temps\" aria-describedby=\"tt\" data-cmtooltip=\"&lt;div class=glossaryItemTitle&gt;Temps&lt;\/div&gt;&lt;div class=glossaryItemBody&gt;&amp;lt;strong&amp;gt;Temps&amp;lt;\/strong&amp;gt;&amp;lt;br\/&amp;gt;&amp;lt;strong&amp;gt;Le temps est une dimension de notre r&eacute;alit&eacute;, celle qui se manifeste dans le changement, dans le fait que toutes les choses ne cessent de devenir autres que ce qu&amp;#039;elles &eacute;taient&amp;lt;\/strong&amp;gt;.&amp;lt;br\/&amp;gt; Le temps peut &ecirc;tre li&eacute; &agrave; la narration. La narration est l&rsquo;acte de langage par lequel on raconte quelque chose.(...) &lt;a class=glossaryTooltipMoreLink href=https:\/\/www.profartspla.site\/wordpress\/Dictionnaire\/temps\/  target=_blank&gt;Term details&lt;\/a&gt;&lt;\/div&gt;\" href=\"https:\/\/www.profartspla.site\/wordpress\/Dictionnaire\/temps\/\" target=\"_blank\" data-gt-translate-attributes='[{\"attribute\":\"data-cmtooltip\", \"format\":\"html\"}]' tabindex=\"0\" role=\"link\">temps<\/a> = style de la <a class=\"glossaryLink\" title=\"Dico : Renaissance\" aria-describedby=\"tt\" data-cmtooltip=\"&lt;div class=glossaryItemTitle&gt;Renaissance&lt;\/div&gt;&lt;div class=glossaryItemBody&gt;&amp;lt;div class=&amp;quot;wp-block-file&amp;quot;&amp;gt;&amp;lt;object class=&amp;quot;wp-block-file__embed&amp;quot; data=&amp;quot;https:\/\/www.profartspla.site\/wordpress\/wp-content\/uploads\/2025\/11\/espace_Renaissance.pdf&amp;quot; type=&amp;quot;application\/pdf&amp;quot; style=&amp;quot;width:100%;height:1200px&amp;quot; aria-label=&amp;quot;espace_Renaissance&amp;quot;&amp;gt;&amp;lt;\/object&amp;gt;espace_RenaissanceT&eacute;l&eacute;charger&amp;lt;\/div&amp;gt; &lt;a class=glossaryTooltipMoreLink href=https:\/\/www.profartspla.site\/wordpress\/Dictionnaire\/renaissance\/  target=_blank&gt;Term details&lt;\/a&gt;&lt;\/div&gt;\" href=\"https:\/\/www.profartspla.site\/wordpress\/Dictionnaire\/renaissance\/\" target=\"_blank\" data-gt-translate-attributes='[{\"attribute\":\"data-cmtooltip\", \"format\":\"html\"}]' tabindex=\"0\" role=\"link\">Renaissance<\/a>)<\/td><td class=\"has-text-align-center\" data-align=\"center\"><br>Images en reproductions imprim&eacute;es de l&rsquo;<a class=\"glossaryLink\" title=\"Dico : Architecture\" aria-describedby=\"tt\" data-cmtooltip=\"&lt;div class=glossaryItemTitle&gt;Architecture&lt;\/div&gt;&lt;div class=glossaryItemBody&gt;&amp;lt;strong&amp;gt;Architecture&amp;lt;\/strong&amp;gt;&amp;lt;br\/&amp;gt;&amp;lt;strong&amp;gt;Ce terme d&eacute;signe l&rsquo;art de construire les &eacute;difices.&amp;lt;\/strong&amp;gt;&amp;lt;br\/&amp;gt;&laquo;&amp;lt;em&amp;gt;L&rsquo;architecture est celui des Beaux-Arts dont les &oelig;uvres, con&ccedil;ues et ex&eacute;cut&eacute;es dans l&rsquo;espace &agrave; trois dimensions, sont des &eacute;difices ayant une destination fonctionnelle pr&eacute;cise, en rapport avec les grandes activit&eacute;s mat&eacute;rielles,(...)&amp;lt;\/em&amp;gt; &lt;a class=glossaryTooltipMoreLink href=https:\/\/www.profartspla.site\/wordpress\/Dictionnaire\/architecture\/  target=_blank&gt;Term details&lt;\/a&gt;&lt;\/div&gt;\" href=\"https:\/\/www.profartspla.site\/wordpress\/Dictionnaire\/architecture\/\" target=\"_blank\" data-gt-translate-attributes='[{\"attribute\":\"data-cmtooltip\", \"format\":\"html\"}]' tabindex=\"0\" role=\"link\">architecture<\/a> du Louvre, dans sa partie de style <a class=\"glossaryLink\" title=\"Dico : Renaissance\" aria-describedby=\"tt\" data-cmtooltip=\"&lt;div class=glossaryItemTitle&gt;Renaissance&lt;\/div&gt;&lt;div class=glossaryItemBody&gt;&amp;lt;div class=&amp;quot;wp-block-file&amp;quot;&amp;gt;&amp;lt;object class=&amp;quot;wp-block-file__embed&amp;quot; data=&amp;quot;https:\/\/www.profartspla.site\/wordpress\/wp-content\/uploads\/2025\/11\/espace_Renaissance.pdf&amp;quot; type=&amp;quot;application\/pdf&amp;quot; style=&amp;quot;width:100%;height:1200px&amp;quot; aria-label=&amp;quot;espace_Renaissance&amp;quot;&amp;gt;&amp;lt;\/object&amp;gt;espace_RenaissanceT&eacute;l&eacute;charger&amp;lt;\/div&amp;gt; &lt;a class=glossaryTooltipMoreLink href=https:\/\/www.profartspla.site\/wordpress\/Dictionnaire\/renaissance\/  target=_blank&gt;Term details&lt;\/a&gt;&lt;\/div&gt;\" href=\"https:\/\/www.profartspla.site\/wordpress\/Dictionnaire\/renaissance\/\" target=\"_blank\" data-gt-translate-attributes='[{\"attribute\":\"data-cmtooltip\", \"format\":\"html\"}]' tabindex=\"0\" role=\"link\">Renaissance<\/a>.<br><a href=\"https:\/\/videopress.com\/v\/70HSW9QD\" target=\"_blank\" rel=\"noreferrer noopener\">https:\/\/videopress.com\/v\/70HSW9QD<\/a><br>La <a class=\"glossaryLink\" title=\"Dico : Construction de l'image\" aria-describedby=\"tt\" data-cmtooltip=\"&lt;div class=glossaryItemTitle&gt;Construction de l&amp;rsquo;image&lt;\/div&gt;&lt;div class=glossaryItemBody&gt;&amp;lt;strong&amp;gt;Dans le dictionnaire usuel &amp;lt;\/strong&amp;gt;:&amp;lt;br\/&amp;gt;Construire : mot emprunt&eacute; du&nbsp;latin&nbsp;&amp;lt;em&amp;gt;construere,&amp;lt;\/em&amp;gt;&nbsp;proprement &laquo;&nbsp;entasser par couches&nbsp;&raquo;, &laquo;&nbsp;b&acirc;tir, &eacute;difier&nbsp;&raquo;. Fabriquer par assemblage d&rsquo;&eacute;l&eacute;ments.&nbsp;&Eacute;laborer, imaginer, constituer un ensemble abstrait. Composer, disposer selon un plan d&eacute;termin&eacute; les divers &eacute;l&eacute;ments d&rsquo;un(...) &lt;a class=glossaryTooltipMoreLink href=https:\/\/www.profartspla.site\/wordpress\/Dictionnaire\/construction-de-limage\/  target=_blank&gt;Term details&lt;\/a&gt;&lt;\/div&gt;\" href=\"https:\/\/www.profartspla.site\/wordpress\/Dictionnaire\/construction-de-limage\/\" target=\"_blank\" data-gt-translate-attributes='[{\"attribute\":\"data-cmtooltip\", \"format\":\"html\"}]' tabindex=\"0\" role=\"link\">construction<\/a> de la fa&ccedil;ade <a class=\"glossaryLink\" title=\"Dico : Renaissance\" aria-describedby=\"tt\" data-cmtooltip=\"&lt;div class=glossaryItemTitle&gt;Renaissance&lt;\/div&gt;&lt;div class=glossaryItemBody&gt;&amp;lt;div class=&amp;quot;wp-block-file&amp;quot;&amp;gt;&amp;lt;object class=&amp;quot;wp-block-file__embed&amp;quot; data=&amp;quot;https:\/\/www.profartspla.site\/wordpress\/wp-content\/uploads\/2025\/11\/espace_Renaissance.pdf&amp;quot; type=&amp;quot;application\/pdf&amp;quot; style=&amp;quot;width:100%;height:1200px&amp;quot; aria-label=&amp;quot;espace_Renaissance&amp;quot;&amp;gt;&amp;lt;\/object&amp;gt;espace_RenaissanceT&eacute;l&eacute;charger&amp;lt;\/div&amp;gt; &lt;a class=glossaryTooltipMoreLink href=https:\/\/www.profartspla.site\/wordpress\/Dictionnaire\/renaissance\/  target=_blank&gt;Term details&lt;\/a&gt;&lt;\/div&gt;\" href=\"https:\/\/www.profartspla.site\/wordpress\/Dictionnaire\/renaissance\/\" target=\"_blank\" data-gt-translate-attributes='[{\"attribute\":\"data-cmtooltip\", \"format\":\"html\"}]' tabindex=\"0\" role=\"link\">Renaissance<\/a> du palais du Louvre a &eacute;t&eacute; d&eacute;cid&eacute;e en 1545 par Fran&ccedil;ois Ier. L&rsquo;architecte est <strong>Pierre Lescot<\/strong>. Le d&eacute;cor a &eacute;t&eacute; r&eacute;alis&eacute; par <strong>Jean Goujon<\/strong>. (Visuel ci-dessous depuis la Cour carr&eacute;e)<br><a href=\"https:\/\/www.profartspla.site\/wordpress\/wp-content\/uploads\/2025\/04\/monory_spectateur.jpg\" target=\"_blank\" rel=\"noreferrer noopener\"><br><\/a><img data-recalc-dims=\"1\" height=\"386\" width=\"925\" decoding=\"async\" src=\"https:\/\/i0.wp.com\/www.profartspla.site\/wordpress\/wp-content\/uploads\/2026\/02\/Renaissance_Louvre.jpg?resize=925%2C386&#038;ssl=1\" alt=\"\"\/><br><a href=\"https:\/\/www.profartspla.site\/wordpress\/wp-content\/uploads\/2026\/02\/Renaissance_Louvre.jpg\" target=\"_blank\" rel=\"noreferrer noopener\">https:\/\/www.profartspla.site\/wordpress\/wp-content\/uploads\/2026\/02\/Renaissance_Louvre.jpg<\/a><br>Style reconnaissable par &eacute;l&eacute;ments <a class=\"glossaryLink\" title=\"Dico : Architecture\" aria-describedby=\"tt\" data-cmtooltip=\"&lt;div class=glossaryItemTitle&gt;Architecture&lt;\/div&gt;&lt;div class=glossaryItemBody&gt;&amp;lt;strong&amp;gt;Architecture&amp;lt;\/strong&amp;gt;&amp;lt;br\/&amp;gt;&amp;lt;strong&amp;gt;Ce terme d&eacute;signe l&rsquo;art de construire les &eacute;difices.&amp;lt;\/strong&amp;gt;&amp;lt;br\/&amp;gt;&laquo;&amp;lt;em&amp;gt;L&rsquo;architecture est celui des Beaux-Arts dont les &oelig;uvres, con&ccedil;ues et ex&eacute;cut&eacute;es dans l&rsquo;espace &agrave; trois dimensions, sont des &eacute;difices ayant une destination fonctionnelle pr&eacute;cise, en rapport avec les grandes activit&eacute;s mat&eacute;rielles,(...)&amp;lt;\/em&amp;gt; &lt;a class=glossaryTooltipMoreLink href=https:\/\/www.profartspla.site\/wordpress\/Dictionnaire\/architecture\/  target=_blank&gt;Term details&lt;\/a&gt;&lt;\/div&gt;\" href=\"https:\/\/www.profartspla.site\/wordpress\/Dictionnaire\/architecture\/\" target=\"_blank\" data-gt-translate-attributes='[{\"attribute\":\"data-cmtooltip\", \"format\":\"html\"}]' tabindex=\"0\" role=\"link\">architecturaux<\/a> : <a class=\"glossaryLink\" title=\"Dico : Fronton\" aria-describedby=\"tt\" data-cmtooltip=\"&lt;div class=glossaryItemTitle&gt;Fronton&lt;\/div&gt;&lt;div class=glossaryItemBody&gt;&amp;lt;strong&amp;gt;Fronton&amp;lt;\/strong&amp;gt;&amp;lt;br\/&amp;gt;&amp;lt;strong&amp;gt;En architecture, le&amp;nbsp;fronton d&eacute;signe le&amp;nbsp;couronnement d&amp;#039;&eacute;difice compos&eacute; de deux parties de&amp;nbsp;corniches&amp;nbsp;obliques se rejoignant ou d&amp;#039;une partie de corniche circulaire, les unes ou l&amp;#039;autre se raccordant avec les&amp;nbsp;moulures&amp;nbsp;sup&eacute;rieures de la corniche d&amp;#039;un entablement et formant ainsi un triangle(...)&amp;lt;\/strong&amp;gt; &lt;a class=glossaryTooltipMoreLink href=https:\/\/www.profartspla.site\/wordpress\/Dictionnaire\/fronton-2\/  target=_blank&gt;Term details&lt;\/a&gt;&lt;\/div&gt;\" href=\"https:\/\/www.profartspla.site\/wordpress\/Dictionnaire\/fronton-2\/\" target=\"_blank\" data-gt-translate-attributes='[{\"attribute\":\"data-cmtooltip\", \"format\":\"html\"}]' tabindex=\"0\" role=\"link\">fronton<\/a>, cariatides, <a class=\"glossaryLink\"  title=\"Dico : Arcs\"  aria-describedby=\"tt\"  data-cmtooltip=\"&lt;div class=glossaryItemTitle&gt;Arcs&lt;\/div&gt;&lt;div class=glossaryItemBody&gt;&amp;lt;strong&amp;gt;Arcs&amp;lt;\/strong&amp;gt;&amp;lt;br\/&amp;gt;En architecture, la forme des arcs d&eacute;terminent bien souvent un style, une &eacute;poque.&amp;lt;br\/&amp;gt;L&rsquo;&amp;lt;strong&amp;gt;arc&amp;lt;\/strong&amp;gt;&amp;nbsp;est l&amp;#039;&eacute;l&eacute;ment d&amp;#039;ossature&amp;nbsp;qui enjambe l&amp;#039;espace ouvert entre deux&amp;nbsp;piliers&amp;nbsp;(pieds-droits,&amp;nbsp;etc.) ou colonnes ou&amp;nbsp;murs&amp;nbsp;en transmettant toute la charge qu&amp;#039;il supporte aux appuis (cul&eacute;es,&amp;nbsp;contreforts,&amp;nbsp;etc.),(...) &lt;a class=glossaryTooltipMoreLink href=https:\/\/www.profartspla.site\/wordpress\/Dictionnaire\/arcs\/  target=_blank&gt;Term details&lt;\/a&gt;&lt;\/div&gt;\"  href=\"https:\/\/www.profartspla.site\/wordpress\/Dictionnaire\/arcs\/\"  target=\"_blank\"  data-gt-translate-attributes='[{\"attribute\":\"data-cmtooltip\", \"format\":\"html\"}]' tabindex='0' role='link'>arcs<\/a> en plein cintre, colonnes, pilastres avec chapiteaux ordre grec corinthien ou <a class=\"glossaryLink\" title=\"Dico : Composite\" aria-describedby=\"tt\" data-cmtooltip=\"&lt;div class=glossaryItemTitle&gt;Composite&lt;\/div&gt;&lt;div class=glossaryItemBody&gt;&amp;lt;strong&amp;gt;Composite&amp;lt;\/strong&amp;gt;&amp;lt;br\/&amp;gt;Qualifie ce qui est form&eacute; d&rsquo;&eacute;l&eacute;ments vari&eacute;s et disparates.&amp;lt;br\/&amp;gt;&amp;lt;strong&amp;gt;Voir aussi &agrave; h&eacute;t&eacute;rog&egrave;ne.&amp;lt;\/strong&amp;gt;&amp;lt;br\/&amp;gt;&amp;lt;div style=&amp;quot;height:100px&amp;quot; aria-hidden=&amp;quot;true&amp;quot; class=&amp;quot;wp-block-spacer&amp;quot;&amp;gt;&amp;lt;\/div&amp;gt;En arts plastiques, nous parlons d&rsquo;une &oelig;uvre composite selon deux sens :&amp;lt;br\/&amp;gt;le premier, li&eacute; &agrave; la mat&eacute;rialit&eacute; de l&rsquo;&oelig;uvre, lorsque celle-ci est un assemblage d&rsquo;&eacute;l&eacute;ments ou de mat&eacute;riaux h&eacute;t&eacute;roclites (Combine(...) &lt;a class=glossaryTooltipMoreLink href=https:\/\/www.profartspla.site\/wordpress\/Dictionnaire\/composite\/  target=_blank&gt;Term details&lt;\/a&gt;&lt;\/div&gt;\" href=\"https:\/\/www.profartspla.site\/wordpress\/Dictionnaire\/composite\/\" target=\"_blank\" data-gt-translate-attributes='[{\"attribute\":\"data-cmtooltip\", \"format\":\"html\"}]' tabindex=\"0\" role=\"link\">composite<\/a>, niches, pilastres, baies diff&eacute;rentes selon les &eacute;tages, sym&eacute;trie de la fa&ccedil;ade en <a class=\"glossaryLink\" title=\"Dico : &Eacute;l&eacute;vation\" aria-describedby=\"tt\" data-cmtooltip=\"&lt;div class=glossaryItemTitle&gt;&Eacute;l&eacute;vation&lt;\/div&gt;&lt;div class=glossaryItemBody&gt;&amp;lt;strong&amp;gt;&Eacute;l&eacute;vation&amp;lt;\/strong&amp;gt;&amp;lt;br\/&amp;gt;Repr&eacute;sentation graphique de l&rsquo;une des faces verticales d&rsquo;un &eacute;difice ou d&rsquo;une partie d&rsquo;&eacute;difice.&amp;lt;br\/&amp;gt;&amp;lt;figure class=&amp;quot;wp-block-image aligncenter&amp;quot;&amp;gt;&amp;lt;figcaption class=&amp;quot;wp-element-caption&amp;quot;&amp;gt;&Eacute;l&eacute;vation de l&rsquo;une des fa&ccedil;ades du ch&acirc;teau de Moncley, b&acirc;ti dans la seconde moiti&eacute; du XVIII&amp;lt;sup&amp;gt;e&amp;lt;\/sup&amp;gt;&amp;nbsp;si&egrave;cle par l&rsquo;architecte Claude-Alexandre Bertrand, disciple de Claude-Nicolas Ledoux.&amp;lt;\/figcaption&amp;gt;&amp;lt;\/figure&amp;gt;&amp;lt;div style=&amp;quot;height:100px&amp;quot; aria-hidden=&amp;quot;true&amp;quot; class=&amp;quot;wp-block-spacer&amp;quot;&amp;gt;&amp;lt;\/div&amp;gt;&amp;lt;figure class=&amp;quot;wp-block-image aligncenter&amp;quot;&amp;gt;&amp;lt;figcaption class=&amp;quot;wp-element-caption&amp;quot;&amp;gt;&amp;lt;strong&amp;gt;&Eacute;l&eacute;vation(...)&amp;lt;\/strong&amp;gt;&amp;lt;\/figcaption&amp;gt;&amp;lt;\/figure&amp;gt; &lt;a class=glossaryTooltipMoreLink href=https:\/\/www.profartspla.site\/wordpress\/Dictionnaire\/elevation\/  target=_blank&gt;Term details&lt;\/a&gt;&lt;\/div&gt;\" href=\"https:\/\/www.profartspla.site\/wordpress\/Dictionnaire\/elevation\/\" target=\"_blank\" data-gt-translate-attributes='[{\"attribute\":\"data-cmtooltip\", \"format\":\"html\"}]' tabindex=\"0\" role=\"link\">&eacute;l&eacute;vation<\/a>, trav&eacute;es, niveaux visibles par linteaux, oeils-de-boeufs, m&eacute;daillons, rythme et proportions des &eacute;l&eacute;ments entre eux et avec l&rsquo;ensemble.<\/td><\/tr><tr><td class=\"has-text-align-left\" data-align=\"left\"><strong><a class=\"glossaryLink\" title=\"Dico : Projet\" aria-describedby=\"tt\" data-cmtooltip=\"&lt;div class=glossaryItemTitle&gt;Projet&lt;\/div&gt;&lt;div class=glossaryItemBody&gt;&amp;lt;strong&amp;gt;Le projet de l&rsquo;oeuvre regroupe les modalit&eacute;s et moyens du passage du projet &agrave; la production artistique, diversit&eacute; des approches.&amp;lt;\/strong&amp;gt;&amp;lt;br\/&amp;gt;Structuration d&rsquo;une intention et d&rsquo;un projet en vue de r&eacute;aliser l&rsquo;&oelig;uvre.&amp;lt;br\/&amp;gt;Langages et supports de communication de l&rsquo;intention ou du projet.&amp;lt;br\/&amp;gt;Fonctions et potentialit&eacute;s(...) &lt;a class=glossaryTooltipMoreLink href=https:\/\/www.profartspla.site\/wordpress\/Dictionnaire\/projet\/  target=_blank&gt;Term details&lt;\/a&gt;&lt;\/div&gt;\" href=\"https:\/\/www.profartspla.site\/wordpress\/Dictionnaire\/projet\/\" target=\"_blank\" data-gt-translate-attributes='[{\"attribute\":\"data-cmtooltip\", \"format\":\"html\"}]' tabindex=\"0\" role=\"link\">Projet<\/a> de l&rsquo;&oelig;uvre<\/strong>&nbsp;: modalit&eacute;s et moyens du passage du <a class=\"glossaryLink\" title=\"Dico : Projet\" aria-describedby=\"tt\" data-cmtooltip=\"&lt;div class=glossaryItemTitle&gt;Projet&lt;\/div&gt;&lt;div class=glossaryItemBody&gt;&amp;lt;strong&amp;gt;Le projet de l&rsquo;oeuvre regroupe les modalit&eacute;s et moyens du passage du projet &agrave; la production artistique, diversit&eacute; des approches.&amp;lt;\/strong&amp;gt;&amp;lt;br\/&amp;gt;Structuration d&rsquo;une intention et d&rsquo;un projet en vue de r&eacute;aliser l&rsquo;&oelig;uvre.&amp;lt;br\/&amp;gt;Langages et supports de communication de l&rsquo;intention ou du projet.&amp;lt;br\/&amp;gt;Fonctions et potentialit&eacute;s(...) &lt;a class=glossaryTooltipMoreLink href=https:\/\/www.profartspla.site\/wordpress\/Dictionnaire\/projet\/  target=_blank&gt;Term details&lt;\/a&gt;&lt;\/div&gt;\" href=\"https:\/\/www.profartspla.site\/wordpress\/Dictionnaire\/projet\/\" target=\"_blank\" data-gt-translate-attributes='[{\"attribute\":\"data-cmtooltip\", \"format\":\"html\"}]' tabindex=\"0\" role=\"link\">projet<\/a> &agrave; la production artistique, diversit&eacute; des approches<\/td><td class=\"has-text-align-center\" data-align=\"center\">Oeuvre en plusieurs &eacute;tapes : <a class=\"glossaryLink\" title=\"Dico : Projet\" aria-describedby=\"tt\" data-cmtooltip=\"&lt;div class=glossaryItemTitle&gt;Projet&lt;\/div&gt;&lt;div class=glossaryItemBody&gt;&amp;lt;strong&amp;gt;Le projet de l&rsquo;oeuvre regroupe les modalit&eacute;s et moyens du passage du projet &agrave; la production artistique, diversit&eacute; des approches.&amp;lt;\/strong&amp;gt;&amp;lt;br\/&amp;gt;Structuration d&rsquo;une intention et d&rsquo;un projet en vue de r&eacute;aliser l&rsquo;&oelig;uvre.&amp;lt;br\/&amp;gt;Langages et supports de communication de l&rsquo;intention ou du projet.&amp;lt;br\/&amp;gt;Fonctions et potentialit&eacute;s(...) &lt;a class=glossaryTooltipMoreLink href=https:\/\/www.profartspla.site\/wordpress\/Dictionnaire\/projet\/  target=_blank&gt;Term details&lt;\/a&gt;&lt;\/div&gt;\" href=\"https:\/\/www.profartspla.site\/wordpress\/Dictionnaire\/projet\/\" target=\"_blank\" data-gt-translate-attributes='[{\"attribute\":\"data-cmtooltip\", \"format\":\"html\"}]' tabindex=\"0\" role=\"link\">projet<\/a> de l&rsquo;<a class=\"glossaryLink\" title=\"Dico : Artiste\" aria-describedby=\"tt\" data-cmtooltip=\"&lt;div class=glossaryItemTitle&gt;Artiste&lt;\/div&gt;&lt;div class=glossaryItemBody&gt;&amp;lt;strong&amp;gt;Artiste&amp;lt;\/strong&amp;gt;&amp;lt;br\/&amp;gt;Le mot &laquo;&nbsp;artiste&nbsp;&raquo; vient du latin &amp;lt;em&amp;gt;artista&amp;lt;\/em&amp;gt;, qui lui-m&ecirc;me d&eacute;rive de &amp;lt;em&amp;gt;ars, artis&amp;lt;\/em&amp;gt;, signifiant &laquo;&nbsp;art&nbsp;&raquo; ou &laquo;&nbsp;habilet&eacute;&nbsp;&raquo;.&amp;lt;br\/&amp;gt;&amp;lt;figure class=&amp;quot;wp-block-image size-large&amp;quot;&amp;gt;&amp;lt;\/figure&amp;gt;&amp;lt;div style=&amp;quot;height:100px&amp;quot; aria-hidden=&amp;quot;true&amp;quot; class=&amp;quot;wp-block-spacer&amp;quot;&amp;gt;&amp;lt;\/div&amp;gt;&amp;quot;Celui qui travaille avec ses mains est un ouvrier.&amp;lt;br&amp;gt;Celui qui travaille avec ses mains et sa t&ecirc;te est un artisan.&amp;lt;br&amp;gt;Celui qui travaille avec ses mains et sa t&ecirc;te et son c&oelig;ur est(...) &lt;a class=glossaryTooltipMoreLink href=https:\/\/www.profartspla.site\/wordpress\/Dictionnaire\/artiste\/  target=_blank&gt;Term details&lt;\/a&gt;&lt;\/div&gt;\" href=\"https:\/\/www.profartspla.site\/wordpress\/Dictionnaire\/artiste\/\" target=\"_blank\" data-gt-translate-attributes='[{\"attribute\":\"data-cmtooltip\", \"format\":\"html\"}]' tabindex=\"0\" role=\"link\">artiste<\/a>, <a class=\"glossaryLink\" title=\"Dico : Collaboration\" aria-describedby=\"tt\" data-cmtooltip=\"&lt;div class=glossaryItemTitle&gt;Collaboration&lt;\/div&gt;&lt;div class=glossaryItemBody&gt;La notion de collaboration n&rsquo;est pas une sp&eacute;cificit&eacute; de l&rsquo;art contemporain : la r&eacute;alisation des polyptyques des XIV&amp;lt;sup&amp;gt;&egrave;me&amp;lt;\/sup&amp;gt; et XV&amp;lt;sup&amp;gt;&egrave;me&amp;lt;\/sup&amp;gt; si&egrave;cles , des grands cycles d&eacute;coratifs de la Renaissance ou d&rsquo;&oelig;uvres qui r&eacute;pondaient &agrave; des commandes provenant de toute l&rsquo;Europe comme celles confi&eacute;es &agrave; &amp;lt;strong&amp;gt;&amp;lt;strong&amp;gt;Pierre-Paul(...)&amp;lt;\/strong&amp;gt;&amp;lt;\/strong&amp;gt; &lt;a class=glossaryTooltipMoreLink href=https:\/\/www.profartspla.site\/wordpress\/Dictionnaire\/collaboration\/  target=_blank&gt;Term details&lt;\/a&gt;&lt;\/div&gt;\" href=\"https:\/\/www.profartspla.site\/wordpress\/Dictionnaire\/collaboration\/\" target=\"_blank\" data-gt-translate-attributes='[{\"attribute\":\"data-cmtooltip\", \"format\":\"html\"}]' tabindex=\"0\" role=\"link\">collaboration<\/a> pour la mise en oeuvre sur le site, prolongement avec la <a class=\"glossaryLink\" title=\"Dico : Performance\" aria-describedby=\"tt\" data-cmtooltip=\"&lt;div class=glossaryItemTitle&gt;Performance&lt;\/div&gt;&lt;div class=glossaryItemBody&gt;&amp;lt;strong&amp;gt;Performance&amp;lt;\/strong&amp;gt;&amp;lt;br\/&amp;gt;La &amp;lt;strong&amp;gt;performance (de l&rsquo;anglais &laquo; to perform &raquo;, &laquo; accomplir &raquo;)&amp;lt;\/strong&amp;gt; est un moyen d&rsquo;expression artistique qui s&rsquo;est &amp;lt;strong&amp;gt;d&eacute;velopp&eacute; &agrave; partir des ann&eacute;es 1950,&amp;lt;\/strong&amp;gt; en filiation avec les &amp;lt;strong&amp;gt;&laquo; soir&eacute;es &raquo; futuristes et dada des ann&eacute;es 1910. &amp;lt;\/strong&amp;gt;&amp;lt;br\/&amp;gt;La &amp;lt;strong&amp;gt;performance est une pratique qui d&eacute;finit une oeuvre par le moment(...)&amp;lt;\/strong&amp;gt; &lt;a class=glossaryTooltipMoreLink href=https:\/\/www.profartspla.site\/wordpress\/Dictionnaire\/performance\/  target=_blank&gt;Term details&lt;\/a&gt;&lt;\/div&gt;\" href=\"https:\/\/www.profartspla.site\/wordpress\/Dictionnaire\/performance\/\" target=\"_blank\" data-gt-translate-attributes='[{\"attribute\":\"data-cmtooltip\", \"format\":\"html\"}]' tabindex=\"0\" role=\"link\">performance<\/a> musicale, jou&eacute;e dans l&rsquo;<a class=\"glossaryLink\" title=\"Dico : Espace\" aria-describedby=\"tt\" data-cmtooltip=\"&lt;div class=glossaryItemTitle&gt;Espace&lt;\/div&gt;&lt;div class=glossaryItemBody&gt;Espace&amp;lt;br\/&amp;gt;L&rsquo;espace est celui dans lequel l&rsquo;&oelig;uvre s&rsquo;inscrit mat&eacute;riellement. Il est donc essentiel de rencontrer des &oelig;uvres &amp;lt;em&amp;gt;de visu&amp;lt;\/em&amp;gt; afin de prendre conscience de leur existence mat&eacute;rielle au-del&agrave; des reproductions qui sont diffus&eacute;es. En sculpture, on sera particuli&egrave;rement attentif aux relations(...) &lt;a class=glossaryTooltipMoreLink href=https:\/\/www.profartspla.site\/wordpress\/Dictionnaire\/espace\/  target=_blank&gt;Term details&lt;\/a&gt;&lt;\/div&gt;\" href=\"https:\/\/www.profartspla.site\/wordpress\/Dictionnaire\/espace\/\" target=\"_blank\" data-gt-translate-attributes='[{\"attribute\":\"data-cmtooltip\", \"format\":\"html\"}]' tabindex=\"0\" role=\"link\">espace<\/a> public &eacute;galement. <br><a class=\"glossaryLink\" title=\"Dico : Projet\" aria-describedby=\"tt\" data-cmtooltip=\"&lt;div class=glossaryItemTitle&gt;Projet&lt;\/div&gt;&lt;div class=glossaryItemBody&gt;&amp;lt;strong&amp;gt;Le projet de l&rsquo;oeuvre regroupe les modalit&eacute;s et moyens du passage du projet &agrave; la production artistique, diversit&eacute; des approches.&amp;lt;\/strong&amp;gt;&amp;lt;br\/&amp;gt;Structuration d&rsquo;une intention et d&rsquo;un projet en vue de r&eacute;aliser l&rsquo;&oelig;uvre.&amp;lt;br\/&amp;gt;Langages et supports de communication de l&rsquo;intention ou du projet.&amp;lt;br\/&amp;gt;Fonctions et potentialit&eacute;s(...) &lt;a class=glossaryTooltipMoreLink href=https:\/\/www.profartspla.site\/wordpress\/Dictionnaire\/projet\/  target=_blank&gt;Term details&lt;\/a&gt;&lt;\/div&gt;\" href=\"https:\/\/www.profartspla.site\/wordpress\/Dictionnaire\/projet\/\" target=\"_blank\" data-gt-translate-attributes='[{\"attribute\":\"data-cmtooltip\", \"format\":\"html\"}]' tabindex=\"0\" role=\"link\">Projet<\/a> d&rsquo;oeuvre <a class=\"glossaryLink\" title=\"Dico : Exposition\" aria-describedby=\"tt\" data-cmtooltip=\"&lt;div class=glossaryItemTitle&gt;Exposition&lt;\/div&gt;&lt;div class=glossaryItemBody&gt;&amp;lt;strong&amp;gt;Exposition&amp;lt;\/strong&amp;gt;&amp;lt;br\/&amp;gt;&amp;lt;strong&amp;gt;Manuel de mus&eacute;ographie, petit guide &agrave; l&amp;#039;usage des responsables de mus&eacute;e, sous la direction de Marie-Odile de Bary et Jean-Michel Tobelem, &eacute;ditions S&eacute;guier Option Culture, 1998&amp;lt;\/strong&amp;gt;, &amp;lt;strong&amp;gt;page 223&amp;lt;\/strong&amp;gt;&amp;lt;br\/&amp;gt;&amp;lt;div class=&amp;quot;wp-block-group&amp;quot;&amp;gt;&amp;quot;&amp;lt;em&amp;gt;De sa&amp;nbsp;&amp;lt;strong&amp;gt;racine latine&amp;nbsp;expositio, le terme exposition avant d&amp;#039;abord &agrave; la fois au figur&eacute; le sens(...)&amp;lt;\/strong&amp;gt;&amp;lt;\/em&amp;gt;&amp;lt;\/div&amp;gt; &lt;a class=glossaryTooltipMoreLink href=https:\/\/www.profartspla.site\/wordpress\/Dictionnaire\/exposition\/  target=_blank&gt;Term details&lt;\/a&gt;&lt;\/div&gt;\" href=\"https:\/\/www.profartspla.site\/wordpress\/Dictionnaire\/exposition\/\" target=\"_blank\" data-gt-translate-attributes='[{\"attribute\":\"data-cmtooltip\", \"format\":\"html\"}]' tabindex=\"0\" role=\"link\">&eacute;ph&eacute;m&egrave;re<\/a> : collages soumis aux intemp&eacute;ries, vandalisations des passants.<\/td><\/tr><tr><td class=\"has-text-align-left\" data-align=\"left\"><strong>Diffusion et de <a class=\"glossaryLink\" title=\"Dico : Morceau de r&eacute;ception\" aria-describedby=\"tt\" data-cmtooltip=\"&lt;div class=glossaryItemTitle&gt;Morceau de r&eacute;ception&lt;\/div&gt;&lt;div class=glossaryItemBody&gt;Pour &ecirc;tre &laquo;&nbsp;&amp;lt;strong&amp;gt;re&ccedil;us&nbsp;&agrave; l&rsquo;Acad&eacute;mie royale de peinture et de sculpture &amp;lt;\/strong&amp;gt;&raquo;, fond&eacute;e en 1648, par le cardinal Mazarin, les artistes devaient soumettre une &oelig;uvre appel&eacute;e &laquo;&nbsp;&amp;lt;strong&amp;gt;morceau de r&eacute;ception&nbsp;&amp;lt;\/strong&amp;gt;&raquo;. Cette &oelig;uvre re&ccedil;ue entrait ensuite dans la collection de l&rsquo;Acad&eacute;mie.&amp;lt;br\/&amp;gt;Le morceau de r&eacute;ception est l&rsquo;&oelig;uvre par(...) &lt;a class=glossaryTooltipMoreLink href=https:\/\/www.profartspla.site\/wordpress\/Dictionnaire\/morceau-de-reception\/  target=_blank&gt;Term details&lt;\/a&gt;&lt;\/div&gt;&lt;div class=cmtt_synonyms_wrapper&gt;&lt;div class=cmtt_synonyms_title&gt;Synonyms:  &lt;\/div&gt;&lt;div class=cmtt_synonyms&gt;R&eacute;ception&lt;\/div&gt;&lt;\/div&gt;\" href=\"https:\/\/www.profartspla.site\/wordpress\/Dictionnaire\/morceau-de-reception\/\" target=\"_blank\" data-gt-translate-attributes='[{\"attribute\":\"data-cmtooltip\", \"format\":\"html\"}]' tabindex=\"0\" role=\"link\">r&eacute;ception<\/a><\/strong><\/td><td class=\"has-text-align-center\" data-align=\"center\">L&rsquo;oeuvre existe par les photographies et vid&eacute;os diffus&eacute;es par l&rsquo;<a class=\"glossaryLink\" title=\"Dico : Artiste\" aria-describedby=\"tt\" data-cmtooltip=\"&lt;div class=glossaryItemTitle&gt;Artiste&lt;\/div&gt;&lt;div class=glossaryItemBody&gt;&amp;lt;strong&amp;gt;Artiste&amp;lt;\/strong&amp;gt;&amp;lt;br\/&amp;gt;Le mot &laquo;&nbsp;artiste&nbsp;&raquo; vient du latin &amp;lt;em&amp;gt;artista&amp;lt;\/em&amp;gt;, qui lui-m&ecirc;me d&eacute;rive de &amp;lt;em&amp;gt;ars, artis&amp;lt;\/em&amp;gt;, signifiant &laquo;&nbsp;art&nbsp;&raquo; ou &laquo;&nbsp;habilet&eacute;&nbsp;&raquo;.&amp;lt;br\/&amp;gt;&amp;lt;figure class=&amp;quot;wp-block-image size-large&amp;quot;&amp;gt;&amp;lt;\/figure&amp;gt;&amp;lt;div style=&amp;quot;height:100px&amp;quot; aria-hidden=&amp;quot;true&amp;quot; class=&amp;quot;wp-block-spacer&amp;quot;&amp;gt;&amp;lt;\/div&amp;gt;&amp;quot;Celui qui travaille avec ses mains est un ouvrier.&amp;lt;br&amp;gt;Celui qui travaille avec ses mains et sa t&ecirc;te est un artisan.&amp;lt;br&amp;gt;Celui qui travaille avec ses mains et sa t&ecirc;te et son c&oelig;ur est(...) &lt;a class=glossaryTooltipMoreLink href=https:\/\/www.profartspla.site\/wordpress\/Dictionnaire\/artiste\/  target=_blank&gt;Term details&lt;\/a&gt;&lt;\/div&gt;\" href=\"https:\/\/www.profartspla.site\/wordpress\/Dictionnaire\/artiste\/\" target=\"_blank\" data-gt-translate-attributes='[{\"attribute\":\"data-cmtooltip\", \"format\":\"html\"}]' tabindex=\"0\" role=\"link\">artiste<\/a> sur son site et ses r&eacute;seaux, vendues en galeries, foires d&rsquo;art.<\/td><\/tr><\/tbody><\/table><\/figure>\n\n\n\n<figure class=\"wp-block-image size-large\"><a href=\"https:\/\/i0.wp.com\/www.profartspla.site\/wordpress\/wp-content\/uploads\/2026\/02\/jr_photo.png?ssl=1\" target=\"_blank\" rel=\" noreferrer noopener\"><img data-recalc-dims=\"1\" loading=\"lazy\" decoding=\"async\" width=\"925\" height=\"576\" src=\"https:\/\/i0.wp.com\/www.profartspla.site\/wordpress\/wp-content\/uploads\/2026\/02\/jr_photo.png?resize=925%2C576&#038;ssl=1\" alt=\"\" class=\"wp-image-28025\" srcset=\"https:\/\/i0.wp.com\/www.profartspla.site\/wordpress\/wp-content\/uploads\/2026\/02\/jr_photo.png?resize=1024%2C638&amp;ssl=1 1024w, https:\/\/i0.wp.com\/www.profartspla.site\/wordpress\/wp-content\/uploads\/2026\/02\/jr_photo.png?resize=300%2C187&amp;ssl=1 300w, https:\/\/i0.wp.com\/www.profartspla.site\/wordpress\/wp-content\/uploads\/2026\/02\/jr_photo.png?resize=768%2C479&amp;ssl=1 768w, https:\/\/i0.wp.com\/www.profartspla.site\/wordpress\/wp-content\/uploads\/2026\/02\/jr_photo.png?resize=1536%2C958&amp;ssl=1 1536w, https:\/\/i0.wp.com\/www.profartspla.site\/wordpress\/wp-content\/uploads\/2026\/02\/jr_photo.png?resize=2048%2C1277&amp;ssl=1 2048w, https:\/\/i0.wp.com\/www.profartspla.site\/wordpress\/wp-content\/uploads\/2026\/02\/jr_photo.png?resize=96%2C60&amp;ssl=1 96w, https:\/\/i0.wp.com\/www.profartspla.site\/wordpress\/wp-content\/uploads\/2026\/02\/jr_photo.png?w=1850&amp;ssl=1 1850w\" sizes=\"auto, (max-width: 925px) 100vw, 925px\"\/><\/a><figcaption class=\"wp-element-caption\"><a href=\"https:\/\/www.profartspla.site\/wordpress\/wp-content\/uploads\/2026\/02\/jr_photo.png\" target=\"_blank\" rel=\"noreferrer noopener\">https:\/\/www.profartspla.site\/wordpress\/wp-content\/uploads\/2026\/02\/jr_photo.png<\/a><\/figcaption><\/figure>\n\n\n\n<div style=\"height:100px\" aria-hidden=\"true\" class=\"wp-block-spacer\"><\/div>\n\n\n\n<p class=\"has-text-align-center wp-block-paragraph\"><strong>Prolongements et actualit&eacute;s : <a href=\"https:\/\/www.jr-art.net\/fr\/projects\/la-caverne-du-pont-neuf\" target=\"_blank\" rel=\"noreferrer noopener\">https:\/\/www.jr-art.net\/fr\/projects\/la-caverne-du-pont-neuf<\/a><\/strong><\/p>\n\n\n\n<div style=\"height:100px\" aria-hidden=\"true\" class=\"wp-block-spacer\"><\/div>\n\n\n\n<p class=\"wp-block-paragraph\"><strong>VOCABULAIRE :<\/strong><\/p>\n\n\n\n<ul class=\"wp-block-list\">\n<li class=\"has-black-color has-text-color has-link-color wp-elements-1\"><a class=\"glossaryLink\" title=\"Dico : Performance\" aria-describedby=\"tt\" data-cmtooltip=\"&lt;div class=glossaryItemTitle&gt;Performance&lt;\/div&gt;&lt;div class=glossaryItemBody&gt;&amp;lt;strong&amp;gt;Performance&amp;lt;\/strong&amp;gt;&amp;lt;br\/&amp;gt;La &amp;lt;strong&amp;gt;performance (de l&rsquo;anglais &laquo; to perform &raquo;, &laquo; accomplir &raquo;)&amp;lt;\/strong&amp;gt; est un moyen d&rsquo;expression artistique qui s&rsquo;est &amp;lt;strong&amp;gt;d&eacute;velopp&eacute; &agrave; partir des ann&eacute;es 1950,&amp;lt;\/strong&amp;gt; en filiation avec les &amp;lt;strong&amp;gt;&laquo; soir&eacute;es &raquo; futuristes et dada des ann&eacute;es 1910. &amp;lt;\/strong&amp;gt;&amp;lt;br\/&amp;gt;La &amp;lt;strong&amp;gt;performance est une pratique qui d&eacute;finit une oeuvre par le moment(...)&amp;lt;\/strong&amp;gt; &lt;a class=glossaryTooltipMoreLink href=https:\/\/www.profartspla.site\/wordpress\/Dictionnaire\/performance\/  target=_blank&gt;Term details&lt;\/a&gt;&lt;\/div&gt;\" href=\"https:\/\/www.profartspla.site\/wordpress\/Dictionnaire\/performance\/\" target=\"_blank\" data-gt-translate-attributes='[{\"attribute\":\"data-cmtooltip\", \"format\":\"html\"}]' tabindex=\"0\" role=\"link\">performance<\/a><\/li>\n\n\n\n<li class=\"has-black-color has-text-color has-link-color wp-elements-2\"><a class=\"glossaryLink\" title=\"Dico : Installation\" aria-describedby=\"tt\" data-cmtooltip=\"&lt;div class=glossaryItemTitle&gt;Installation&lt;\/div&gt;&lt;div class=glossaryItemBody&gt;&amp;lt;strong&amp;gt;Installation&amp;lt;\/strong&amp;gt;&amp;lt;br\/&amp;gt;&amp;lt;strong&amp;gt;L&rsquo;installation est un d&eacute;ploiement d&rsquo;objets ou de sculptures dans un espace formant un tout.&amp;lt;\/strong&amp;gt;&amp;lt;br\/&amp;gt;Lorsque l&rsquo;&oelig;uvre est sp&eacute;cialement con&ccedil;ue pour un lieu et entre en relation avec celui-ci, elle est nomm&eacute;e &laquo; &amp;lt;em&amp;gt;&amp;lt;strong&amp;gt;in situ&amp;lt;\/strong&amp;gt; &amp;lt;\/em&amp;gt;&raquo;. Voir d&eacute;finition d&amp;#039;&amp;lt;em&amp;gt;in situ&amp;lt;\/em&amp;gt;&amp;lt;br\/&amp;gt;&amp;lt;strong&amp;gt;Vid&eacute;o explicative&amp;lt;\/strong&amp;gt;&amp;lt;br\/&amp;gt;&amp;lt;div align=&amp;quot;center&amp;quot;&amp;gt;&amp;lt;iframe width=&amp;quot;560&amp;quot; height=&amp;quot;315&amp;quot; src=&amp;quot;https:\/\/www.youtube.com\/embed\/kBjvLDWMDLw&amp;quot; frameborder=&amp;quot;0&amp;quot; allowfullscreen&amp;gt;&amp;lt;\/iframe&amp;gt;&amp;lt;\/div&amp;gt;&amp;lt;br\/&amp;gt; &lt;a class=glossaryTooltipMoreLink href=https:\/\/www.profartspla.site\/wordpress\/Dictionnaire\/installation\/  target=_blank&gt;Term details&lt;\/a&gt;&lt;\/div&gt;\" href=\"https:\/\/www.profartspla.site\/wordpress\/Dictionnaire\/installation\/\" target=\"_blank\" data-gt-translate-attributes='[{\"attribute\":\"data-cmtooltip\", \"format\":\"html\"}]' tabindex=\"0\" role=\"link\">installation<\/a><\/li>\n\n\n\n<li class=\"has-black-color has-text-color has-link-color wp-elements-3\"><a class=\"glossaryLink\" title=\"Dico : Anamorphose\" aria-describedby=\"tt\" data-cmtooltip=\"&lt;div class=glossaryItemTitle&gt;Anamorphose&lt;\/div&gt;&lt;div class=glossaryItemBody&gt;&amp;lt;strong&amp;gt;Anamorphose&amp;lt;\/strong&amp;gt;&amp;lt;br\/&amp;gt;Repr&eacute;sentation qui, selon l&rsquo;angle de vue traditionnel (par exemple, de face) est d&eacute;form&eacute;e. La perspective est d&eacute;tourn&eacute;e pour cr&eacute;er des images qui se recomposent &agrave; partir d&amp;#039;un seul point de vue pr&eacute;&eacute;tabli.&amp;lt;br\/&amp;gt;Oeuvres en r&eacute;f&eacute;rence :&amp;lt;br\/&amp;gt;&amp;lt;em&amp;gt;&amp;lt;strong&amp;gt;&amp;lt;span style=&amp;quot;text-decoration: underline;&amp;quot;&amp;gt;Les Ambassadeurs&amp;lt;\/span&amp;gt;&amp;lt;\/strong&amp;gt;,&amp;lt;\/em&amp;gt; de&amp;lt;strong&amp;gt; Hans Holbein le Jeune,&amp;lt;\/strong&amp;gt; huile sur bois(...) &lt;a class=glossaryTooltipMoreLink href=https:\/\/www.profartspla.site\/wordpress\/Dictionnaire\/anamorphose\/  target=_blank&gt;Term details&lt;\/a&gt;&lt;\/div&gt;\" href=\"https:\/\/www.profartspla.site\/wordpress\/Dictionnaire\/anamorphose\/\" target=\"_blank\" data-gt-translate-attributes='[{\"attribute\":\"data-cmtooltip\", \"format\":\"html\"}]' tabindex=\"0\" role=\"link\">anamorphose<\/a>, <a class=\"glossaryLink\" title=\"Dico : Trompe-l'oeil\" aria-describedby=\"tt\" data-cmtooltip=\"&lt;div class=glossaryItemTitle&gt;Trompe-l&amp;rsquo;oeil&lt;\/div&gt;&lt;div class=glossaryItemBody&gt;Trompe-l&rsquo;&oelig;il&amp;lt;br\/&amp;gt;&amp;lt;strong&amp;gt;Technique qui consiste &agrave; pousser le r&eacute;alisme d&rsquo;une peinture le plus loin possible pour que le public puisse la confondre avec la r&eacute;alit&eacute;. Les trompe l&rsquo;oeil sont de v&eacute;ritables prouesses techniques qui repr&eacute;sentent souvent des effets de perspectives.&amp;lt;\/strong&amp;gt;&amp;lt;br\/&amp;gt;&amp;lt;div style=&amp;quot;height:100px&amp;quot; aria-hidden=&amp;quot;true&amp;quot; class=&amp;quot;wp-block-spacer&amp;quot;&amp;gt;&amp;lt;\/div&amp;gt;&amp;lt;strong&amp;gt;&amp;nbsp;L&amp;#039;oculus du palais des Gonzague(...)&amp;lt;\/strong&amp;gt; &lt;a class=glossaryTooltipMoreLink href=https:\/\/www.profartspla.site\/wordpress\/Dictionnaire\/trompe-l-oeil\/  target=_blank&gt;Term details&lt;\/a&gt;&lt;\/div&gt;\" href=\"https:\/\/www.profartspla.site\/wordpress\/Dictionnaire\/trompe-l-oeil\/\" target=\"_blank\" data-gt-translate-attributes='[{\"attribute\":\"data-cmtooltip\", \"format\":\"html\"}]' tabindex=\"0\" role=\"link\">trompe-l&rsquo;oeil<\/a><\/li>\n\n\n\n<li class=\"has-black-color has-text-color has-link-color wp-elements-4\"><a class=\"glossaryLink\" title=\"Dico : Point de vue\" aria-describedby=\"tt\" data-cmtooltip=\"&lt;div class=glossaryItemTitle&gt;Point de vue&lt;\/div&gt;&lt;div class=glossaryItemBody&gt;&amp;lt;strong&amp;gt;Point de vue&amp;lt;\/strong&amp;gt;&amp;lt;br\/&amp;gt;Au sens physique : endroit o&ugrave; l&amp;#039;on doit se placer pour voir un objet le mieux possible.&amp;lt;br\/&amp;gt;&amp;lt;br\/&amp;gt;Au sens plus m&eacute;taphorique : mani&egrave;re de voir les choses, fa&ccedil;on de consid&eacute;rer un probl&egrave;me (avoir un point de vue, une opinion sur ...).&amp;lt;br\/&amp;gt;&amp;lt;br\/&amp;gt;&amp;lt;div style=&amp;quot;height:100px&amp;quot; aria-hidden=&amp;quot;true&amp;quot; class=&amp;quot;wp-block-spacer&amp;quot;&amp;gt;&amp;lt;\/div&amp;gt;En peinture, photographie, dessin ou au cin&eacute;ma, le point de(...) &lt;a class=glossaryTooltipMoreLink href=https:\/\/www.profartspla.site\/wordpress\/Dictionnaire\/point-de-vue\/  target=_blank&gt;Term details&lt;\/a&gt;&lt;\/div&gt;\" href=\"https:\/\/www.profartspla.site\/wordpress\/Dictionnaire\/point-de-vue\/\" target=\"_blank\" data-gt-translate-attributes='[{\"attribute\":\"data-cmtooltip\", \"format\":\"html\"}]' tabindex=\"0\" role=\"link\">point de vue<\/a><\/li>\n\n\n\n<li class=\"has-black-color has-text-color has-link-color wp-elements-5\"><a class=\"glossaryLink\" title=\"Dico : Collage\" aria-describedby=\"tt\" data-cmtooltip=\"&lt;div class=glossaryItemTitle&gt;Collage&lt;\/div&gt;&lt;div class=glossaryItemBody&gt;Technique qui consiste &agrave; organiser un espace par combinaison d&amp;#039;&eacute;l&eacute;ments diff&eacute;rents (extraits de journaux, papiers peints, documents quelconques, objets divers). L&amp;#039;unit&eacute; de l&amp;#039;ensemble se construit par juxtapositions et superposition d&amp;#039;&eacute;l&eacute;ments r&eacute;els visuellement li&eacute;s.Le collage n&eacute;cessite de(...) &lt;a class=glossaryTooltipMoreLink href=https:\/\/www.profartspla.site\/wordpress\/Dictionnaire\/collage\/  target=_blank&gt;Term details&lt;\/a&gt;&lt;\/div&gt;\" href=\"https:\/\/www.profartspla.site\/wordpress\/Dictionnaire\/collage\/\" target=\"_blank\" data-gt-translate-attributes='[{\"attribute\":\"data-cmtooltip\", \"format\":\"html\"}]' tabindex=\"0\" role=\"link\">collage<\/a> <a class=\"glossaryLink\" title=\"Dico : In situ\" aria-describedby=\"tt\" data-cmtooltip=\"&lt;div class=glossaryItemTitle&gt;In situ&lt;\/div&gt;&lt;div class=glossaryItemBody&gt;&amp;lt;strong&amp;gt;In situ&amp;lt;\/strong&amp;gt;&amp;lt;br\/&amp;gt;&amp;lt;strong&amp;gt;Une installation&amp;nbsp;&amp;lt;em&amp;gt;in situ&amp;lt;\/em&amp;gt;&amp;nbsp;(dans le site, en latin) tisse un rapport &eacute;troit avec le lieu qui l&amp;#039;accueille, son histoire, ce qu&rsquo;il repr&eacute;sente, la fa&ccedil;on de percevoir du spectateur, l&rsquo;espace formel... D&eacute;plac&eacute;e dans un autre lieu, l&amp;#039;oeuvre perdrait son sens, sa raison d&amp;#039;exister.&amp;lt;\/strong&amp;gt;&amp;lt;br\/&amp;gt;Ce terme a &eacute;t&eacute;(...) &lt;a class=glossaryTooltipMoreLink href=https:\/\/www.profartspla.site\/wordpress\/Dictionnaire\/in-situ\/  target=_blank&gt;Term details&lt;\/a&gt;&lt;\/div&gt;\" href=\"https:\/\/www.profartspla.site\/wordpress\/Dictionnaire\/in-situ\/\" target=\"_blank\" data-gt-translate-attributes='[{\"attribute\":\"data-cmtooltip\", \"format\":\"html\"}]' tabindex=\"0\" role=\"link\">in situ<\/a> (cf <a class=\"glossaryLink\" title=\"Dico : Pratiques tridimensionnelles\" aria-describedby=\"tt\" data-cmtooltip=\"&lt;div class=glossaryItemTitle&gt;Pratiques tridimensionnelles&lt;\/div&gt;&lt;div class=glossaryItemBody&gt;Les pratiques tridimensionnelles concernent les domaines de la sculpture, de l&amp;#039;installation (&amp;quot;&amp;lt;em&amp;gt;in situ&amp;lt;\/em&amp;gt;&amp;quot; ou pas), de l&amp;#039;architecture, du design. Les pratiques tridimensionnelles jouent avec le plein et le vide, investissent l&rsquo;espace, prennent vie avec des mat&eacute;riaux divers, sous des gestes vari&eacute;s,(...) &lt;a class=glossaryTooltipMoreLink href=https:\/\/www.profartspla.site\/wordpress\/Dictionnaire\/pratiques-tridimensionnelles\/  target=_blank&gt;Term details&lt;\/a&gt;&lt;\/div&gt;\" href=\"https:\/\/www.profartspla.site\/wordpress\/Dictionnaire\/pratiques-tridimensionnelles\/\" target=\"_blank\" data-gt-translate-attributes='[{\"attribute\":\"data-cmtooltip\", \"format\":\"html\"}]' tabindex=\"0\" role=\"link\">pratique<\/a> d&rsquo;Ernest Pignon-Ernest).<\/li>\n\n\n\n<li class=\"has-black-color has-text-color has-link-color wp-elements-6\"><a class=\"glossaryLink\" title=\"Dico : Monumental\" aria-describedby=\"tt\" data-cmtooltip=\"&lt;div class=glossaryItemTitle&gt;Monumental&lt;\/div&gt;&lt;div class=glossaryItemBody&gt;&amp;lt;strong&amp;gt;Monumental&amp;lt;\/strong&amp;gt;&amp;lt;br\/&amp;gt;&amp;lt;span style=&amp;quot;font-size: 12pt;&amp;quot;&amp;gt;Qui a les caract&egrave;res d&amp;#039;un monument par ses grandes dimensions. Qui a des dimensions qui d&eacute;passent la taille humaine.&amp;lt;\/span&amp;gt; &amp;lt;br\/&amp;gt;&amp;lt;br\/&amp;gt;&amp;lt;span style=&amp;quot;font-size: 12pt;&amp;quot;&amp;gt;Le monumental est aussi une cat&eacute;gorie esth&eacute;tique : un style, une &oelig;uvre, une forme d&amp;#039;art qui joignent &agrave; la grandeur mat&eacute;rielle un caract&egrave;re imposant et majestueux o&ugrave;(...)&amp;lt;\/span&amp;gt; &lt;a class=glossaryTooltipMoreLink href=https:\/\/www.profartspla.site\/wordpress\/Dictionnaire\/monumental\/  target=_blank&gt;Term details&lt;\/a&gt;&lt;\/div&gt;&lt;div class=cmtt_synonyms_wrapper&gt;&lt;div class=cmtt_synonyms_title&gt;Synonyms:  &lt;\/div&gt;&lt;div class=cmtt_synonyms&gt;Monumentalit&eacute;&lt;\/div&gt;&lt;\/div&gt;\" href=\"https:\/\/www.profartspla.site\/wordpress\/Dictionnaire\/monumental\/\" target=\"_blank\" data-gt-translate-attributes='[{\"attribute\":\"data-cmtooltip\", \"format\":\"html\"}]' tabindex=\"0\" role=\"link\">monumentalit&eacute;<\/a><\/li>\n\n\n\n<li class=\"has-black-color has-text-color has-link-color wp-elements-7\"><a class=\"glossaryLink\" title=\"Dico : Photographie\" aria-describedby=\"tt\" data-cmtooltip=\"&lt;div class=glossaryItemTitle&gt;Photographie&lt;\/div&gt;&lt;div class=glossaryItemBody&gt;&amp;lt;strong&amp;gt;Photographie &amp;lt;\/strong&amp;gt;&amp;lt;br\/&amp;gt;Voir aussi &agrave; &amp;lt;strong&amp;gt;https:\/\/www.profartspla.site\/wordpress\/2025\/10\/30\/connaitre-quelques-reperes-en-photographie\/&amp;lt;\/strong&amp;gt;&amp;lt;br\/&amp;gt;&amp;lt;div class=&amp;quot;wp-block-columns&amp;quot;&amp;gt;&amp;lt;div class=&amp;quot;wp-block-column&amp;quot;&amp;gt;&amp;lt;\/div&amp;gt;&amp;lt;\/div&amp;gt;&amp;lt;figure class=&amp;quot;wp-block-embed is-type-video is-provider-youtube wp-block-embed-youtube wp-embed-aspect-16-9 wp-has-aspect-ratio&amp;quot;&amp;gt;&amp;lt;div class=&amp;quot;wp-block-embed__wrapper&amp;quot;&amp;gt;https:\/\/www.youtube.com\/watch?v=QCqtfAEBA6o&amp;amp;list=PL9LWAQYUI74si6AiWjm5TKg8OFo41V2No&amp;lt;\/div&amp;gt;&amp;lt;figcaption class=&amp;quot;wp-element-caption&amp;quot;&amp;gt;Cliquez sur la playliste de 25 vid&eacute;os sur l&amp;#039;histoire et les techniques de la photographie(...)&amp;lt;\/figcaption&amp;gt;&amp;lt;\/figure&amp;gt; &lt;a class=glossaryTooltipMoreLink href=https:\/\/www.profartspla.site\/wordpress\/Dictionnaire\/photographie\/  target=_blank&gt;Term details&lt;\/a&gt;&lt;\/div&gt;\" href=\"https:\/\/www.profartspla.site\/wordpress\/Dictionnaire\/photographie\/\" target=\"_blank\" data-gt-translate-attributes='[{\"attribute\":\"data-cmtooltip\", \"format\":\"html\"}]' tabindex=\"0\" role=\"link\">photographie<\/a> comme <a class=\"glossaryLink\" title=\"Dico : Mimesis\" aria-describedby=\"tt\" data-cmtooltip=\"&lt;div class=glossaryItemTitle&gt;Mimesis&lt;\/div&gt;&lt;div class=glossaryItemBody&gt;&amp;lt;strong&amp;gt;Mimesis&amp;lt;\/strong&amp;gt;&amp;lt;br\/&amp;gt;&amp;lt;strong&amp;gt;La&amp;nbsp;mimesis&amp;nbsp;:&amp;nbsp;&amp;lt;\/strong&amp;gt;&eacute;cart le plus faible entre la&amp;nbsp;repr&eacute;sentation&amp;nbsp;(image&amp;nbsp;ou &oelig;uvre) et le&amp;nbsp;r&eacute;el. Volont&eacute; de&amp;nbsp;&amp;lt;strong&amp;gt;repr&eacute;senter par le&amp;nbsp;dessin&amp;nbsp;ou la&amp;nbsp;peinture&amp;nbsp;aussi fid&egrave;lement que possible&amp;lt;\/strong&amp;gt;&amp;nbsp;le&amp;nbsp;r&eacute;el. Volont&eacute; de cr&eacute;er une &oelig;uvre qui ressemble le plus possible &agrave; l&rsquo;image&amp;nbsp;du&amp;nbsp;r&eacute;el.&amp;nbsp;Cette volont&eacute; sera abandonn&eacute;e(...) &lt;a class=glossaryTooltipMoreLink href=https:\/\/www.profartspla.site\/wordpress\/Dictionnaire\/mimesis\/  target=_blank&gt;Term details&lt;\/a&gt;&lt;\/div&gt;\" href=\"https:\/\/www.profartspla.site\/wordpress\/Dictionnaire\/mimesis\/\" target=\"_blank\" data-gt-translate-attributes='[{\"attribute\":\"data-cmtooltip\", \"format\":\"html\"}]' tabindex=\"0\" role=\"link\">mimesis<\/a> du <a class=\"glossaryLink\" title=\"Dico : R&eacute;el\" aria-describedby=\"tt\" data-cmtooltip=\"&lt;div class=glossaryItemTitle&gt;R&eacute;el&lt;\/div&gt;&lt;div class=glossaryItemBody&gt;&amp;lt;strong&amp;gt;R&eacute;el&amp;lt;\/strong&amp;gt;&amp;lt;br\/&amp;gt;&amp;lt;strong&amp;gt;Le r&eacute;el est bien ce qui est et, en tant que tel, un et absolu, identique pour tous. &amp;lt;\/strong&amp;gt;Le r&eacute;el est, par d&eacute;finition, ce qui est. &amp;lt;strong&amp;gt;Mais il ne faut pas le r&eacute;duire &agrave; ce qui est mat&eacute;riel.&amp;lt;\/strong&amp;gt; La lumi&egrave;re, le vent, les sons... sont immat&eacute;riels (on ne peut pas les toucher, les prendre) pourtant ils sont(...) &lt;a class=glossaryTooltipMoreLink href=https:\/\/www.profartspla.site\/wordpress\/Dictionnaire\/reel\/  target=_blank&gt;Term details&lt;\/a&gt;&lt;\/div&gt;\" href=\"https:\/\/www.profartspla.site\/wordpress\/Dictionnaire\/reel\/\" target=\"_blank\" data-gt-translate-attributes='[{\"attribute\":\"data-cmtooltip\", \"format\":\"html\"}]' tabindex=\"0\" role=\"link\">r&eacute;el<\/a><\/li>\n\n\n\n<li class=\"has-black-color has-text-color has-link-color wp-elements-8\"><a class=\"glossaryLink\" title=\"Dico : Protocole\" aria-describedby=\"tt\" data-cmtooltip=\"&lt;div class=glossaryItemTitle&gt;Protocole&lt;\/div&gt;&lt;div class=glossaryItemBody&gt;&amp;lt;strong&amp;gt;Protocole &amp;lt;\/strong&amp;gt;ou &amp;lt;strong&amp;gt;art protocolaire&amp;lt;\/strong&amp;gt;&amp;lt;br\/&amp;gt;&amp;lt;span style=&amp;quot;font-size: 10pt;&amp;quot;&amp;gt;&amp;lt;strong&amp;gt;Inspir&eacute; par les protocoles scientifiques ou de la recherche, n&eacute; avec l&amp;#039;art conceptuel, le protocole artistique est un ensemble de r&egrave;gles que donne(nt) un ou plusieurs artistes pour r&eacute;aliser leur(s) &oelig;uvre(s). &amp;lt;\/strong&amp;gt;&amp;lt;\/span&amp;gt;&amp;lt;br\/&amp;gt;&amp;lt;span style=&amp;quot;font-size: 10pt;&amp;quot;&amp;gt;Synonymes : &laquo;&amp;nbsp;mode d&rsquo;emploi&amp;nbsp;&raquo;, &laquo;&amp;nbsp;marche &agrave; suivre&amp;nbsp;&raquo;,(...)&amp;lt;\/span&amp;gt; &lt;a class=glossaryTooltipMoreLink href=https:\/\/www.profartspla.site\/wordpress\/Dictionnaire\/protocole\/  target=_blank&gt;Term details&lt;\/a&gt;&lt;\/div&gt;\" href=\"https:\/\/www.profartspla.site\/wordpress\/Dictionnaire\/protocole\/\" target=\"_blank\" data-gt-translate-attributes='[{\"attribute\":\"data-cmtooltip\", \"format\":\"html\"}]' tabindex=\"0\" role=\"link\">protocole<\/a> <a class=\"glossaryLink\" title=\"Dico : Artiste\" aria-describedby=\"tt\" data-cmtooltip=\"&lt;div class=glossaryItemTitle&gt;Artiste&lt;\/div&gt;&lt;div class=glossaryItemBody&gt;&amp;lt;strong&amp;gt;Artiste&amp;lt;\/strong&amp;gt;&amp;lt;br\/&amp;gt;Le mot &laquo;&nbsp;artiste&nbsp;&raquo; vient du latin &amp;lt;em&amp;gt;artista&amp;lt;\/em&amp;gt;, qui lui-m&ecirc;me d&eacute;rive de &amp;lt;em&amp;gt;ars, artis&amp;lt;\/em&amp;gt;, signifiant &laquo;&nbsp;art&nbsp;&raquo; ou &laquo;&nbsp;habilet&eacute;&nbsp;&raquo;.&amp;lt;br\/&amp;gt;&amp;lt;figure class=&amp;quot;wp-block-image size-large&amp;quot;&amp;gt;&amp;lt;\/figure&amp;gt;&amp;lt;div style=&amp;quot;height:100px&amp;quot; aria-hidden=&amp;quot;true&amp;quot; class=&amp;quot;wp-block-spacer&amp;quot;&amp;gt;&amp;lt;\/div&amp;gt;&amp;quot;Celui qui travaille avec ses mains est un ouvrier.&amp;lt;br&amp;gt;Celui qui travaille avec ses mains et sa t&ecirc;te est un artisan.&amp;lt;br&amp;gt;Celui qui travaille avec ses mains et sa t&ecirc;te et son c&oelig;ur est(...) &lt;a class=glossaryTooltipMoreLink href=https:\/\/www.profartspla.site\/wordpress\/Dictionnaire\/artiste\/  target=_blank&gt;Term details&lt;\/a&gt;&lt;\/div&gt;\" href=\"https:\/\/www.profartspla.site\/wordpress\/Dictionnaire\/artiste\/\" target=\"_blank\" data-gt-translate-attributes='[{\"attribute\":\"data-cmtooltip\", \"format\":\"html\"}]' tabindex=\"0\" role=\"link\">artiste<\/a> : <a class=\"glossaryLink\" title=\"Dico : Photographie\" aria-describedby=\"tt\" data-cmtooltip=\"&lt;div class=glossaryItemTitle&gt;Photographie&lt;\/div&gt;&lt;div class=glossaryItemBody&gt;&amp;lt;strong&amp;gt;Photographie &amp;lt;\/strong&amp;gt;&amp;lt;br\/&amp;gt;Voir aussi &agrave; &amp;lt;strong&amp;gt;https:\/\/www.profartspla.site\/wordpress\/2025\/10\/30\/connaitre-quelques-reperes-en-photographie\/&amp;lt;\/strong&amp;gt;&amp;lt;br\/&amp;gt;&amp;lt;div class=&amp;quot;wp-block-columns&amp;quot;&amp;gt;&amp;lt;div class=&amp;quot;wp-block-column&amp;quot;&amp;gt;&amp;lt;\/div&amp;gt;&amp;lt;\/div&amp;gt;&amp;lt;figure class=&amp;quot;wp-block-embed is-type-video is-provider-youtube wp-block-embed-youtube wp-embed-aspect-16-9 wp-has-aspect-ratio&amp;quot;&amp;gt;&amp;lt;div class=&amp;quot;wp-block-embed__wrapper&amp;quot;&amp;gt;https:\/\/www.youtube.com\/watch?v=QCqtfAEBA6o&amp;amp;list=PL9LWAQYUI74si6AiWjm5TKg8OFo41V2No&amp;lt;\/div&amp;gt;&amp;lt;figcaption class=&amp;quot;wp-element-caption&amp;quot;&amp;gt;Cliquez sur la playliste de 25 vid&eacute;os sur l&amp;#039;histoire et les techniques de la photographie(...)&amp;lt;\/figcaption&amp;gt;&amp;lt;\/figure&amp;gt; &lt;a class=glossaryTooltipMoreLink href=https:\/\/www.profartspla.site\/wordpress\/Dictionnaire\/photographie\/  target=_blank&gt;Term details&lt;\/a&gt;&lt;\/div&gt;\" href=\"https:\/\/www.profartspla.site\/wordpress\/Dictionnaire\/photographie\/\" target=\"_blank\" data-gt-translate-attributes='[{\"attribute\":\"data-cmtooltip\", \"format\":\"html\"}]' tabindex=\"0\" role=\"link\">photographie<\/a> noir et blanc, r&eacute;imprim&eacute;e en grand <a class=\"glossaryLink\" title=\"Dico : Formats (de papier)\" aria-describedby=\"tt\" data-cmtooltip=\"&lt;div class=glossaryItemTitle&gt;Formats (de papier)&lt;\/div&gt;&lt;div class=glossaryItemBody&gt;&amp;lt;strong&amp;gt;Formats (de papier)&amp;lt;\/strong&amp;gt;&amp;lt;br\/&amp;gt;Au XIVe si&egrave;cle le papier &eacute;tait fabriqu&eacute; &agrave; la main. Chaque moulin avait ses propres &laquo; formes &raquo; et produisait des formats diff&eacute;rents.&amp;lt;br\/&amp;gt;&amp;lt;strong&amp;gt;Oeuvres en r&eacute;f&eacute;rence : &amp;lt;\/strong&amp;gt;&amp;lt;br\/&amp;gt;&amp;lt;strong&amp;gt;Eduardo Arroyo&amp;lt;\/strong&amp;gt;, &amp;lt;em&amp;gt;Carmen Amaya&amp;lt;\/em&amp;gt;, 2000, lithographie, 55 tirages, format &amp;quot;RAISIN&amp;quot; de 50 x 65 cm, galerie Anton Meier, Gen&egrave;ve&amp;lt;br\/&amp;gt;&amp;lt;figure class=&amp;quot;wp-block-image aligncenter size-large&amp;quot;&amp;gt;&amp;lt;\/figure&amp;gt;&amp;lt;div style=&amp;quot;height:100px&amp;quot; aria-hidden=&amp;quot;true&amp;quot;(...)&amp;lt;\/div&amp;gt;&amp;lt;\/strong&amp;gt; &lt;a class=glossaryTooltipMoreLink href=https:\/\/www.profartspla.site\/wordpress\/Dictionnaire\/formats-de-papier\/  target=_blank&gt;Term details&lt;\/a&gt;&lt;\/div&gt;\" href=\"https:\/\/www.profartspla.site\/wordpress\/Dictionnaire\/formats-de-papier\/\" target=\"_blank\" data-gt-translate-attributes='[{\"attribute\":\"data-cmtooltip\", \"format\":\"html\"}]' tabindex=\"0\" role=\"link\">format<\/a> sur papier, puis coll&eacute;e <a class=\"glossaryLink\" title=\"Dico : In situ\" aria-describedby=\"tt\" data-cmtooltip=\"&lt;div class=glossaryItemTitle&gt;In situ&lt;\/div&gt;&lt;div class=glossaryItemBody&gt;&amp;lt;strong&amp;gt;In situ&amp;lt;\/strong&amp;gt;&amp;lt;br\/&amp;gt;&amp;lt;strong&amp;gt;Une installation&amp;nbsp;&amp;lt;em&amp;gt;in situ&amp;lt;\/em&amp;gt;&amp;nbsp;(dans le site, en latin) tisse un rapport &eacute;troit avec le lieu qui l&amp;#039;accueille, son histoire, ce qu&rsquo;il repr&eacute;sente, la fa&ccedil;on de percevoir du spectateur, l&rsquo;espace formel... D&eacute;plac&eacute;e dans un autre lieu, l&amp;#039;oeuvre perdrait son sens, sa raison d&amp;#039;exister.&amp;lt;\/strong&amp;gt;&amp;lt;br\/&amp;gt;Ce terme a &eacute;t&eacute;(...) &lt;a class=glossaryTooltipMoreLink href=https:\/\/www.profartspla.site\/wordpress\/Dictionnaire\/in-situ\/  target=_blank&gt;Term details&lt;\/a&gt;&lt;\/div&gt;\" href=\"https:\/\/www.profartspla.site\/wordpress\/Dictionnaire\/in-situ\/\" target=\"_blank\" data-gt-translate-attributes='[{\"attribute\":\"data-cmtooltip\", \"format\":\"html\"}]' tabindex=\"0\" role=\"link\">in situ<\/a> (sur son site il donne m&ecirc;me la recette de la colle qui permet de ne pas ab&icirc;mer les monuments supports).<\/li>\n\n\n\n<li class=\"has-black-color has-text-color has-link-color wp-elements-9\"><a class=\"glossaryLink\" title=\"Dico : Collaboration\" aria-describedby=\"tt\" data-cmtooltip=\"&lt;div class=glossaryItemTitle&gt;Collaboration&lt;\/div&gt;&lt;div class=glossaryItemBody&gt;La notion de collaboration n&rsquo;est pas une sp&eacute;cificit&eacute; de l&rsquo;art contemporain : la r&eacute;alisation des polyptyques des XIV&amp;lt;sup&amp;gt;&egrave;me&amp;lt;\/sup&amp;gt; et XV&amp;lt;sup&amp;gt;&egrave;me&amp;lt;\/sup&amp;gt; si&egrave;cles , des grands cycles d&eacute;coratifs de la Renaissance ou d&rsquo;&oelig;uvres qui r&eacute;pondaient &agrave; des commandes provenant de toute l&rsquo;Europe comme celles confi&eacute;es &agrave; &amp;lt;strong&amp;gt;&amp;lt;strong&amp;gt;Pierre-Paul(...)&amp;lt;\/strong&amp;gt;&amp;lt;\/strong&amp;gt; &lt;a class=glossaryTooltipMoreLink href=https:\/\/www.profartspla.site\/wordpress\/Dictionnaire\/collaboration\/  target=_blank&gt;Term details&lt;\/a&gt;&lt;\/div&gt;\" href=\"https:\/\/www.profartspla.site\/wordpress\/Dictionnaire\/collaboration\/\" target=\"_blank\" data-gt-translate-attributes='[{\"attribute\":\"data-cmtooltip\", \"format\":\"html\"}]' tabindex=\"0\" role=\"link\">collaboration<\/a> <a class=\"glossaryLink\" title=\"Dico : Artiste\" aria-describedby=\"tt\" data-cmtooltip=\"&lt;div class=glossaryItemTitle&gt;Artiste&lt;\/div&gt;&lt;div class=glossaryItemBody&gt;&amp;lt;strong&amp;gt;Artiste&amp;lt;\/strong&amp;gt;&amp;lt;br\/&amp;gt;Le mot &laquo;&nbsp;artiste&nbsp;&raquo; vient du latin &amp;lt;em&amp;gt;artista&amp;lt;\/em&amp;gt;, qui lui-m&ecirc;me d&eacute;rive de &amp;lt;em&amp;gt;ars, artis&amp;lt;\/em&amp;gt;, signifiant &laquo;&nbsp;art&nbsp;&raquo; ou &laquo;&nbsp;habilet&eacute;&nbsp;&raquo;.&amp;lt;br\/&amp;gt;&amp;lt;figure class=&amp;quot;wp-block-image size-large&amp;quot;&amp;gt;&amp;lt;\/figure&amp;gt;&amp;lt;div style=&amp;quot;height:100px&amp;quot; aria-hidden=&amp;quot;true&amp;quot; class=&amp;quot;wp-block-spacer&amp;quot;&amp;gt;&amp;lt;\/div&amp;gt;&amp;quot;Celui qui travaille avec ses mains est un ouvrier.&amp;lt;br&amp;gt;Celui qui travaille avec ses mains et sa t&ecirc;te est un artisan.&amp;lt;br&amp;gt;Celui qui travaille avec ses mains et sa t&ecirc;te et son c&oelig;ur est(...) &lt;a class=glossaryTooltipMoreLink href=https:\/\/www.profartspla.site\/wordpress\/Dictionnaire\/artiste\/  target=_blank&gt;Term details&lt;\/a&gt;&lt;\/div&gt;\" href=\"https:\/\/www.profartspla.site\/wordpress\/Dictionnaire\/artiste\/\" target=\"_blank\" data-gt-translate-attributes='[{\"attribute\":\"data-cmtooltip\", \"format\":\"html\"}]' tabindex=\"0\" role=\"link\">artiste<\/a> &ndash; public (plus de 400 b&eacute;n&eacute;voles pour la suite de cette <a class=\"glossaryLink\" title=\"Dico : Installation\" aria-describedby=\"tt\" data-cmtooltip=\"&lt;div class=glossaryItemTitle&gt;Installation&lt;\/div&gt;&lt;div class=glossaryItemBody&gt;&amp;lt;strong&amp;gt;Installation&amp;lt;\/strong&amp;gt;&amp;lt;br\/&amp;gt;&amp;lt;strong&amp;gt;L&rsquo;installation est un d&eacute;ploiement d&rsquo;objets ou de sculptures dans un espace formant un tout.&amp;lt;\/strong&amp;gt;&amp;lt;br\/&amp;gt;Lorsque l&rsquo;&oelig;uvre est sp&eacute;cialement con&ccedil;ue pour un lieu et entre en relation avec celui-ci, elle est nomm&eacute;e &laquo; &amp;lt;em&amp;gt;&amp;lt;strong&amp;gt;in situ&amp;lt;\/strong&amp;gt; &amp;lt;\/em&amp;gt;&raquo;. Voir d&eacute;finition d&amp;#039;&amp;lt;em&amp;gt;in situ&amp;lt;\/em&amp;gt;&amp;lt;br\/&amp;gt;&amp;lt;strong&amp;gt;Vid&eacute;o explicative&amp;lt;\/strong&amp;gt;&amp;lt;br\/&amp;gt;&amp;lt;div align=&amp;quot;center&amp;quot;&amp;gt;&amp;lt;iframe width=&amp;quot;560&amp;quot; height=&amp;quot;315&amp;quot; src=&amp;quot;https:\/\/www.youtube.com\/embed\/kBjvLDWMDLw&amp;quot; frameborder=&amp;quot;0&amp;quot; allowfullscreen&amp;gt;&amp;lt;\/iframe&amp;gt;&amp;lt;\/div&amp;gt;&amp;lt;br\/&amp;gt; &lt;a class=glossaryTooltipMoreLink href=https:\/\/www.profartspla.site\/wordpress\/Dictionnaire\/installation\/  target=_blank&gt;Term details&lt;\/a&gt;&lt;\/div&gt;\" href=\"https:\/\/www.profartspla.site\/wordpress\/Dictionnaire\/installation\/\" target=\"_blank\" data-gt-translate-attributes='[{\"attribute\":\"data-cmtooltip\", \"format\":\"html\"}]' tabindex=\"0\" role=\"link\">installation<\/a>, 3 ans plus tard, <strong><em>Le secret de la grande pyramide<\/em><\/strong>, Le Louvre, Paris, 2019 <a href=\"https:\/\/videopress.com\/v\/nAtfiEiK\" target=\"_blank\" rel=\"noreferrer noopener\"><mark style=\"background-color:rgba(0, 0, 0, 0)\" class=\"has-inline-color has-vivid-purple-color\"><strong>https:\/\/videopress.com\/v\/nAtfiEiK<\/strong><\/mark><\/a>) <\/li>\n\n\n\n<li class=\"has-black-color has-text-color has-link-color wp-elements-10\"><a class=\"glossaryLink\" title=\"Dico : Collaboration\" aria-describedby=\"tt\" data-cmtooltip=\"&lt;div class=glossaryItemTitle&gt;Collaboration&lt;\/div&gt;&lt;div class=glossaryItemBody&gt;La notion de collaboration n&rsquo;est pas une sp&eacute;cificit&eacute; de l&rsquo;art contemporain : la r&eacute;alisation des polyptyques des XIV&amp;lt;sup&amp;gt;&egrave;me&amp;lt;\/sup&amp;gt; et XV&amp;lt;sup&amp;gt;&egrave;me&amp;lt;\/sup&amp;gt; si&egrave;cles , des grands cycles d&eacute;coratifs de la Renaissance ou d&rsquo;&oelig;uvres qui r&eacute;pondaient &agrave; des commandes provenant de toute l&rsquo;Europe comme celles confi&eacute;es &agrave; &amp;lt;strong&amp;gt;&amp;lt;strong&amp;gt;Pierre-Paul(...)&amp;lt;\/strong&amp;gt;&amp;lt;\/strong&amp;gt; &lt;a class=glossaryTooltipMoreLink href=https:\/\/www.profartspla.site\/wordpress\/Dictionnaire\/collaboration\/  target=_blank&gt;Term details&lt;\/a&gt;&lt;\/div&gt;\" href=\"https:\/\/www.profartspla.site\/wordpress\/Dictionnaire\/collaboration\/\" target=\"_blank\" data-gt-translate-attributes='[{\"attribute\":\"data-cmtooltip\", \"format\":\"html\"}]' tabindex=\"0\" role=\"link\">co-cr&eacute;ation<\/a> entre JR et Liu Bolin <\/li>\n\n\n\n<li class=\"has-black-color has-text-color has-link-color wp-elements-11\">camouflage comme <a class=\"glossaryLink\" title=\"Dico : Pratiques tridimensionnelles\" aria-describedby=\"tt\" data-cmtooltip=\"&lt;div class=glossaryItemTitle&gt;Pratiques tridimensionnelles&lt;\/div&gt;&lt;div class=glossaryItemBody&gt;Les pratiques tridimensionnelles concernent les domaines de la sculpture, de l&amp;#039;installation (&amp;quot;&amp;lt;em&amp;gt;in situ&amp;lt;\/em&amp;gt;&amp;quot; ou pas), de l&amp;#039;architecture, du design. Les pratiques tridimensionnelles jouent avec le plein et le vide, investissent l&rsquo;espace, prennent vie avec des mat&eacute;riaux divers, sous des gestes vari&eacute;s,(...) &lt;a class=glossaryTooltipMoreLink href=https:\/\/www.profartspla.site\/wordpress\/Dictionnaire\/pratiques-tridimensionnelles\/  target=_blank&gt;Term details&lt;\/a&gt;&lt;\/div&gt;\" href=\"https:\/\/www.profartspla.site\/wordpress\/Dictionnaire\/pratiques-tridimensionnelles\/\" target=\"_blank\" data-gt-translate-attributes='[{\"attribute\":\"data-cmtooltip\", \"format\":\"html\"}]' tabindex=\"0\" role=\"link\">pratique<\/a> artistique engag&eacute;e : <a href=\"https:\/\/videopress.com\/v\/ZyitnI3P\"><mark style=\"background-color:rgba(0, 0, 0, 0)\" class=\"has-inline-color has-vivid-purple-color\"><strong>https:\/\/videopress.com\/v\/ZyitnI3P<\/strong><\/mark><\/a><\/li>\n\n\n\n<li class=\"has-black-color has-text-color has-link-color wp-elements-12\">cacher pour mieux r&eacute;v&eacute;ler (au public) &gt; <a class=\"glossaryLink\" title=\"Dico : Pratiques tridimensionnelles\" aria-describedby=\"tt\" data-cmtooltip=\"&lt;div class=glossaryItemTitle&gt;Pratiques tridimensionnelles&lt;\/div&gt;&lt;div class=glossaryItemBody&gt;Les pratiques tridimensionnelles concernent les domaines de la sculpture, de l&amp;#039;installation (&amp;quot;&amp;lt;em&amp;gt;in situ&amp;lt;\/em&amp;gt;&amp;quot; ou pas), de l&amp;#039;architecture, du design. Les pratiques tridimensionnelles jouent avec le plein et le vide, investissent l&rsquo;espace, prennent vie avec des mat&eacute;riaux divers, sous des gestes vari&eacute;s,(...) &lt;a class=glossaryTooltipMoreLink href=https:\/\/www.profartspla.site\/wordpress\/Dictionnaire\/pratiques-tridimensionnelles\/  target=_blank&gt;Term details&lt;\/a&gt;&lt;\/div&gt;\" href=\"https:\/\/www.profartspla.site\/wordpress\/Dictionnaire\/pratiques-tridimensionnelles\/\" target=\"_blank\" data-gt-translate-attributes='[{\"attribute\":\"data-cmtooltip\", \"format\":\"html\"}]' tabindex=\"0\" role=\"link\">pratique<\/a> des empaquetages de Christo et Jeanne &ndash; Claude<\/li>\n\n\n\n<li class=\"has-black-color has-text-color has-link-color wp-elements-13\"><a class=\"glossaryLink\" title=\"Dico : Espace\" aria-describedby=\"tt\" data-cmtooltip=\"&lt;div class=glossaryItemTitle&gt;Espace&lt;\/div&gt;&lt;div class=glossaryItemBody&gt;Espace&amp;lt;br\/&amp;gt;L&rsquo;espace est celui dans lequel l&rsquo;&oelig;uvre s&rsquo;inscrit mat&eacute;riellement. Il est donc essentiel de rencontrer des &oelig;uvres &amp;lt;em&amp;gt;de visu&amp;lt;\/em&amp;gt; afin de prendre conscience de leur existence mat&eacute;rielle au-del&agrave; des reproductions qui sont diffus&eacute;es. En sculpture, on sera particuli&egrave;rement attentif aux relations(...) &lt;a class=glossaryTooltipMoreLink href=https:\/\/www.profartspla.site\/wordpress\/Dictionnaire\/espace\/  target=_blank&gt;Term details&lt;\/a&gt;&lt;\/div&gt;\" href=\"https:\/\/www.profartspla.site\/wordpress\/Dictionnaire\/espace\/\" target=\"_blank\" data-gt-translate-attributes='[{\"attribute\":\"data-cmtooltip\", \"format\":\"html\"}]' tabindex=\"0\" role=\"link\">espace<\/a> public donc sollicitation d&rsquo;un large public<\/li>\n\n\n\n<li class=\"has-black-color has-text-color has-link-color wp-elements-14\"><a class=\"glossaryLink\" title=\"Dico : Street art\" aria-describedby=\"tt\" data-cmtooltip=\"&lt;div class=glossaryItemTitle&gt;Street art&lt;\/div&gt;&lt;div class=glossaryItemBody&gt;Le&amp;lt;strong&amp;gt; Street art &amp;lt;\/strong&amp;gt;ou &amp;lt;strong&amp;gt;art urbain &amp;lt;\/strong&amp;gt;est un mouvement ou une pratique artistique contemporain qui s&rsquo;est d&eacute;velopp&eacute; &agrave; la fin du XX&amp;lt;sup&amp;gt;&egrave;me&amp;lt;\/sup&amp;gt; si&egrave;cle. D&eacute;finit comme l&rsquo;art cr&eacute;&eacute; dans des &amp;lt;strong&amp;gt;endroits publics&amp;lt;\/strong&amp;gt;, qu&rsquo;on retrouve dans nos rues, sur nos murs, cet &amp;lt;strong&amp;gt;art est multiforme&amp;lt;\/strong&amp;gt; : graffiti (Shepard Fairey, alias&nbsp;&amp;lt;em&amp;gt;Obey&amp;lt;\/em&amp;gt;),(...) &lt;a class=glossaryTooltipMoreLink href=https:\/\/www.profartspla.site\/wordpress\/Dictionnaire\/street-art-ou-art-urbain\/  target=_blank&gt;Term details&lt;\/a&gt;&lt;\/div&gt;\" href=\"https:\/\/www.profartspla.site\/wordpress\/Dictionnaire\/street-art-ou-art-urbain\/\" target=\"_blank\" data-gt-translate-attributes='[{\"attribute\":\"data-cmtooltip\", \"format\":\"html\"}]' tabindex=\"0\" role=\"link\">street art<\/a>, <a class=\"glossaryLink\" title=\"Dico : Street art\" aria-describedby=\"tt\" data-cmtooltip=\"&lt;div class=glossaryItemTitle&gt;Street art&lt;\/div&gt;&lt;div class=glossaryItemBody&gt;Le&amp;lt;strong&amp;gt; Street art &amp;lt;\/strong&amp;gt;ou &amp;lt;strong&amp;gt;art urbain &amp;lt;\/strong&amp;gt;est un mouvement ou une pratique artistique contemporain qui s&rsquo;est d&eacute;velopp&eacute; &agrave; la fin du XX&amp;lt;sup&amp;gt;&egrave;me&amp;lt;\/sup&amp;gt; si&egrave;cle. D&eacute;finit comme l&rsquo;art cr&eacute;&eacute; dans des &amp;lt;strong&amp;gt;endroits publics&amp;lt;\/strong&amp;gt;, qu&rsquo;on retrouve dans nos rues, sur nos murs, cet &amp;lt;strong&amp;gt;art est multiforme&amp;lt;\/strong&amp;gt; : graffiti (Shepard Fairey, alias&nbsp;&amp;lt;em&amp;gt;Obey&amp;lt;\/em&amp;gt;),(...) &lt;a class=glossaryTooltipMoreLink href=https:\/\/www.profartspla.site\/wordpress\/Dictionnaire\/street-art-ou-art-urbain\/  target=_blank&gt;Term details&lt;\/a&gt;&lt;\/div&gt;\" href=\"https:\/\/www.profartspla.site\/wordpress\/Dictionnaire\/street-art-ou-art-urbain\/\" target=\"_blank\" data-gt-translate-attributes='[{\"attribute\":\"data-cmtooltip\", \"format\":\"html\"}]' tabindex=\"0\" role=\"link\">art urbain<\/a><\/li>\n\n\n\n<li class=\"has-black-color has-text-color has-link-color wp-elements-15\">oeuvre &agrave; <a class=\"glossaryLink\" title=\"Dico : Mat&eacute;rialit&eacute;\" aria-describedby=\"tt\" data-cmtooltip=\"&lt;div class=glossaryItemTitle&gt;Mat&eacute;rialit&eacute;&lt;\/div&gt;&lt;div class=glossaryItemBody&gt;&amp;lt;strong&amp;gt;Mat&eacute;rialit&eacute;&amp;lt;\/strong&amp;gt;&amp;lt;br\/&amp;gt;Caract&eacute;rise ce qui est mat&eacute;riel, concret. Donc la mat&eacute;rialit&eacute; de l&amp;#039;oeuvre est &agrave; &eacute;tudier &agrave; travers les qualit&eacute;s physiques du support, de l&amp;#039;outil, du m&eacute;dium, du vernis...&amp;lt;br\/&amp;gt;&amp;lt;div class=&amp;quot;wp-block-file aligncenter&amp;quot;&amp;gt;&amp;lt;object class=&amp;quot;wp-block-file__embed&amp;quot; data=&amp;quot;https:\/\/www.profartspla.site\/wordpress\/wp-content\/uploads\/2023\/11\/dp_materialite_de_la_peinture-claire.pdf&amp;quot; type=&amp;quot;application\/pdf&amp;quot; style=&amp;quot;width:100%;height:935px&amp;quot; aria-label=&amp;quot;dp_materialite_de_la_peinture-claire&amp;quot;&amp;gt;&amp;lt;\/object&amp;gt;dp_materialite_de_la_peinture-claireT&eacute;l&eacute;charger&amp;lt;\/div&amp;gt;&amp;lt;div class=&amp;quot;wp-block-file&amp;quot;&amp;gt;&amp;lt;object class=&amp;quot;wp-block-file__embed&amp;quot; data=&amp;quot;https:\/\/www.profartspla.site\/wordpress\/wp-content\/uploads\/2022\/07\/materialite.pdf&amp;quot; type=&amp;quot;application\/pdf&amp;quot; style=&amp;quot;width:100%;height:1200px&amp;quot; aria-label=&amp;quot;materialite&amp;quot;&amp;gt;&amp;lt;\/object&amp;gt;materialiteT&eacute;l&eacute;charger&amp;lt;\/div&amp;gt;&amp;lt;div class=&amp;quot;wp-block-file&amp;quot;&amp;gt;&amp;lt;object class=&amp;quot;wp-block-file__embed&amp;quot; data=&amp;quot;https:\/\/www.profartspla.site\/wordpress\/wp-content\/uploads\/2022\/07\/materialite_questions_eleves_correction.pdf&amp;quot; type=&amp;quot;application\/pdf&amp;quot; style=&amp;quot;width:100%;height:700px&amp;quot;(...)&amp;lt;\/object&amp;gt;&amp;lt;\/div&amp;gt; &lt;a class=glossaryTooltipMoreLink href=https:\/\/www.profartspla.site\/wordpress\/Dictionnaire\/materialite\/  target=_blank&gt;Term details&lt;\/a&gt;&lt;\/div&gt;\" href=\"https:\/\/www.profartspla.site\/wordpress\/Dictionnaire\/materialite\/\" target=\"_blank\" data-gt-translate-attributes='[{\"attribute\":\"data-cmtooltip\", \"format\":\"html\"}]' tabindex=\"0\" role=\"link\">mat&eacute;rialit&eacute;<\/a> <a class=\"glossaryLink\" title=\"Dico : Intermittente\" aria-describedby=\"tt\" data-cmtooltip=\"&lt;div class=glossaryItemTitle&gt;Intermittente&lt;\/div&gt;&lt;div class=glossaryItemBody&gt;&amp;lt;mark style=&amp;quot;background-color:rgba(0, 0, 0, 0)&amp;quot; class=&amp;quot;has-inline-color has-black-color&amp;quot;&amp;gt;&amp;lt;strong&amp;gt;Intermittente &amp;lt;\/strong&amp;gt;&amp;lt;\/mark&amp;gt;&amp;lt;br\/&amp;gt;Une&amp;lt;strong&amp;gt;&amp;lt;mark style=&amp;quot;background-color:rgba(0, 0, 0, 0)&amp;quot; class=&amp;quot;has-inline-color has-vivid-red-color&amp;quot;&amp;gt; exposition intermittente&amp;lt;\/mark&amp;gt;&amp;lt;\/strong&amp;gt; :&amp;nbsp;Apparues pour la plupart dans les ann&eacute;es 1950, les &laquo;&amp;nbsp;&amp;lt;strong&amp;gt;&oelig;uvres &agrave; mat&eacute;rialit&eacute; intermittente&amp;lt;\/strong&amp;gt;&amp;nbsp;&raquo; (telles que les d&eacute;signe Jean-Marc Poinsot) ont par exemple pour caract&eacute;ristique de pouvoir &ecirc;tre d&eacute;mont&eacute;es et rang&eacute;es hors du temps de leur exposition, d&amp;#039;&ecirc;tre(...) &lt;a class=glossaryTooltipMoreLink href=https:\/\/www.profartspla.site\/wordpress\/Dictionnaire\/intermittente\/  target=_blank&gt;Term details&lt;\/a&gt;&lt;\/div&gt;\" href=\"https:\/\/www.profartspla.site\/wordpress\/Dictionnaire\/intermittente\/\" target=\"_blank\" data-gt-translate-attributes='[{\"attribute\":\"data-cmtooltip\", \"format\":\"html\"}]' tabindex=\"0\" role=\"link\">intermittente<\/a><\/li>\n\n\n\n<li class=\"has-black-color has-text-color has-link-color wp-elements-16\">oeuvre <a class=\"glossaryLink\" title=\"Dico : Exposition\" aria-describedby=\"tt\" data-cmtooltip=\"&lt;div class=glossaryItemTitle&gt;Exposition&lt;\/div&gt;&lt;div class=glossaryItemBody&gt;&amp;lt;strong&amp;gt;Exposition&amp;lt;\/strong&amp;gt;&amp;lt;br\/&amp;gt;&amp;lt;strong&amp;gt;Manuel de mus&eacute;ographie, petit guide &agrave; l&amp;#039;usage des responsables de mus&eacute;e, sous la direction de Marie-Odile de Bary et Jean-Michel Tobelem, &eacute;ditions S&eacute;guier Option Culture, 1998&amp;lt;\/strong&amp;gt;, &amp;lt;strong&amp;gt;page 223&amp;lt;\/strong&amp;gt;&amp;lt;br\/&amp;gt;&amp;lt;div class=&amp;quot;wp-block-group&amp;quot;&amp;gt;&amp;quot;&amp;lt;em&amp;gt;De sa&amp;nbsp;&amp;lt;strong&amp;gt;racine latine&amp;nbsp;expositio, le terme exposition avant d&amp;#039;abord &agrave; la fois au figur&eacute; le sens(...)&amp;lt;\/strong&amp;gt;&amp;lt;\/em&amp;gt;&amp;lt;\/div&amp;gt; &lt;a class=glossaryTooltipMoreLink href=https:\/\/www.profartspla.site\/wordpress\/Dictionnaire\/exposition\/  target=_blank&gt;Term details&lt;\/a&gt;&lt;\/div&gt;\" href=\"https:\/\/www.profartspla.site\/wordpress\/Dictionnaire\/exposition\/\" target=\"_blank\" data-gt-translate-attributes='[{\"attribute\":\"data-cmtooltip\", \"format\":\"html\"}]' tabindex=\"0\" role=\"link\">&eacute;ph&eacute;m&egrave;re<\/a><\/li>\n\n\n\n<li class=\"has-black-color has-text-color has-link-color wp-elements-17\"><a class=\"glossaryLink\" title=\"Dico : Pratiques tridimensionnelles\" aria-describedby=\"tt\" data-cmtooltip=\"&lt;div class=glossaryItemTitle&gt;Pratiques tridimensionnelles&lt;\/div&gt;&lt;div class=glossaryItemBody&gt;Les pratiques tridimensionnelles concernent les domaines de la sculpture, de l&amp;#039;installation (&amp;quot;&amp;lt;em&amp;gt;in situ&amp;lt;\/em&amp;gt;&amp;quot; ou pas), de l&amp;#039;architecture, du design. Les pratiques tridimensionnelles jouent avec le plein et le vide, investissent l&rsquo;espace, prennent vie avec des mat&eacute;riaux divers, sous des gestes vari&eacute;s,(...) &lt;a class=glossaryTooltipMoreLink href=https:\/\/www.profartspla.site\/wordpress\/Dictionnaire\/pratiques-tridimensionnelles\/  target=_blank&gt;Term details&lt;\/a&gt;&lt;\/div&gt;\" href=\"https:\/\/www.profartspla.site\/wordpress\/Dictionnaire\/pratiques-tridimensionnelles\/\" target=\"_blank\" data-gt-translate-attributes='[{\"attribute\":\"data-cmtooltip\", \"format\":\"html\"}]' tabindex=\"0\" role=\"link\">pratique<\/a> <strong><a class=\"glossaryLink\" title=\"Dico : Artivisme\" aria-describedby=\"tt\" data-cmtooltip=\"&lt;div class=glossaryItemTitle&gt;Artivisme&lt;\/div&gt;&lt;div class=glossaryItemBody&gt;&amp;lt;strong&amp;gt;Artivisme&amp;lt;\/strong&amp;gt;&amp;lt;br\/&amp;gt;Artivisme, mot-valise compos&eacute; des termes art et activisme, est un n&eacute;ologisme qui d&eacute;signe l&amp;#039;Art relatif aux pr&eacute;occupations politiques, &eacute;conomiques, &eacute;cologiques et spirituelles.&amp;lt;br\/&amp;gt;&amp;lt;div style=&amp;quot;height:100px&amp;quot; aria-hidden=&amp;quot;true&amp;quot; class=&amp;quot;wp-block-spacer&amp;quot;&amp;gt;&amp;lt;\/div&amp;gt;&amp;lt;strong&amp;gt;Art militant, engag&eacute; et activisme artistique&amp;lt;\/strong&amp;gt;&amp;lt;br\/&amp;gt;Les artivisites sont des artistes engag&eacute;s, &amp;lt;strong&amp;gt;leur art d&eacute;fend un(...)&amp;lt;\/strong&amp;gt; &lt;a class=glossaryTooltipMoreLink href=https:\/\/www.profartspla.site\/wordpress\/Dictionnaire\/artivisme\/  target=_blank&gt;Term details&lt;\/a&gt;&lt;\/div&gt;\" href=\"https:\/\/www.profartspla.site\/wordpress\/Dictionnaire\/artivisme\/\" target=\"_blank\" data-gt-translate-attributes='[{\"attribute\":\"data-cmtooltip\", \"format\":\"html\"}]' tabindex=\"0\" role=\"link\">artiviste<\/a><\/strong> (mot valise : art + activisme) <\/li>\n\n\n\n<li class=\"has-black-color has-text-color has-link-color wp-elements-18\"><strong>art &laquo;&nbsp;<a class=\"glossaryLink\" title=\"Dico : Infiltrant\" aria-describedby=\"tt\" data-cmtooltip=\"&lt;div class=glossaryItemTitle&gt;Infiltrant&lt;\/div&gt;&lt;div class=glossaryItemBody&gt;L&amp;#039;art &laquo;&nbsp;&amp;lt;strong&amp;gt;&amp;lt;em&amp;gt;infiltrant&amp;lt;\/em&amp;gt;&nbsp;&amp;lt;\/strong&amp;gt;&raquo;&nbsp;d&eacute;signe des oeuvres dont l&amp;#039;existence suppose le regroupement des artistes, acteurs b&eacute;n&eacute;voles et&nbsp;spectateurs. Ce terme r&eacute;cent n&eacute; au Qu&eacute;bec, d&eacute;signe des &laquo;&nbsp;&amp;lt;strong&amp;gt;&amp;lt;em&amp;gt;pratiques d&rsquo;art qui op&egrave;rent &agrave; m&ecirc;me le r&eacute;el par un investissement d&rsquo;&eacute;nergie dans le corps social [et qui]&nbsp;participent &agrave;(...)&amp;lt;\/em&amp;gt;&amp;lt;\/strong&amp;gt; &lt;a class=glossaryTooltipMoreLink href=https:\/\/www.profartspla.site\/wordpress\/Dictionnaire\/infiltrant\/  target=_blank&gt;Term details&lt;\/a&gt;&lt;\/div&gt;\" href=\"https:\/\/www.profartspla.site\/wordpress\/Dictionnaire\/infiltrant\/\" target=\"_blank\" data-gt-translate-attributes='[{\"attribute\":\"data-cmtooltip\", \"format\":\"html\"}]' tabindex=\"0\" role=\"link\">infiltrant<\/a>&nbsp;&raquo;<\/strong> (<a class=\"glossaryLink\" title=\"Dico : Artiste\" aria-describedby=\"tt\" data-cmtooltip=\"&lt;div class=glossaryItemTitle&gt;Artiste&lt;\/div&gt;&lt;div class=glossaryItemBody&gt;&amp;lt;strong&amp;gt;Artiste&amp;lt;\/strong&amp;gt;&amp;lt;br\/&amp;gt;Le mot &laquo;&nbsp;artiste&nbsp;&raquo; vient du latin &amp;lt;em&amp;gt;artista&amp;lt;\/em&amp;gt;, qui lui-m&ecirc;me d&eacute;rive de &amp;lt;em&amp;gt;ars, artis&amp;lt;\/em&amp;gt;, signifiant &laquo;&nbsp;art&nbsp;&raquo; ou &laquo;&nbsp;habilet&eacute;&nbsp;&raquo;.&amp;lt;br\/&amp;gt;&amp;lt;figure class=&amp;quot;wp-block-image size-large&amp;quot;&amp;gt;&amp;lt;\/figure&amp;gt;&amp;lt;div style=&amp;quot;height:100px&amp;quot; aria-hidden=&amp;quot;true&amp;quot; class=&amp;quot;wp-block-spacer&amp;quot;&amp;gt;&amp;lt;\/div&amp;gt;&amp;quot;Celui qui travaille avec ses mains est un ouvrier.&amp;lt;br&amp;gt;Celui qui travaille avec ses mains et sa t&ecirc;te est un artisan.&amp;lt;br&amp;gt;Celui qui travaille avec ses mains et sa t&ecirc;te et son c&oelig;ur est(...) &lt;a class=glossaryTooltipMoreLink href=https:\/\/www.profartspla.site\/wordpress\/Dictionnaire\/artiste\/  target=_blank&gt;Term details&lt;\/a&gt;&lt;\/div&gt;\" href=\"https:\/\/www.profartspla.site\/wordpress\/Dictionnaire\/artiste\/\" target=\"_blank\" data-gt-translate-attributes='[{\"attribute\":\"data-cmtooltip\", \"format\":\"html\"}]' tabindex=\"0\" role=\"link\">artiste<\/a>(s), acteurs b&eacute;n&eacute;voles et <a class=\"glossaryLink\" title=\"Dico : Statut du spectateur\" aria-describedby=\"tt\" data-cmtooltip=\"&lt;div class=glossaryItemTitle&gt;Statut du spectateur&lt;\/div&gt;&lt;div class=glossaryItemBody&gt;&amp;lt;strong&amp;gt;&amp;nbsp;Statut du spectateur&amp;lt;\/strong&amp;gt;&amp;lt;br\/&amp;gt;Oeuvre, artiste, espace et spectateur sont en constant dialogue. Du&amp;lt;strong&amp;gt; large public&amp;lt;\/strong&amp;gt; au &amp;lt;strong&amp;gt;critique d&amp;#039;art&amp;lt;\/strong&amp;gt; &amp;lt;strong&amp;gt;sp&eacute;cialiste&amp;lt;\/strong&amp;gt;, comment se d&eacute;cline la posture du spectateur ? Simple passant, visiteur occasionnel ou impr&eacute;vu, spectateur, inconditionnel de l&amp;#039;art, ... Le spectateur peut &ecirc;tre(...) &lt;a class=glossaryTooltipMoreLink href=https:\/\/www.profartspla.site\/wordpress\/Dictionnaire\/statut-du-spectateur\/  target=_blank&gt;Term details&lt;\/a&gt;&lt;\/div&gt;\" href=\"https:\/\/www.profartspla.site\/wordpress\/Dictionnaire\/statut-du-spectateur\/\" target=\"_blank\" data-gt-translate-attributes='[{\"attribute\":\"data-cmtooltip\", \"format\":\"html\"}]' tabindex=\"0\" role=\"link\">spectateurs<\/a> se m&ecirc;lent. L&rsquo;anonymat de JR et l&rsquo;absence d&rsquo;explication accompagnant ses installations lui permettent de cr&eacute;er des rencontres entre un sujet\/acteur et un passant\/interpr&egrave;te, c&rsquo;est l&rsquo;essence de son travail, son intention artistique)<\/li>\n\n\n\n<li class=\"has-black-color has-text-color has-link-color wp-elements-19\">oeuvre repose sur une <strong>esth&eacute;tique relationnelle<\/strong> (<strong>Nicolas Bourriaud<\/strong> &laquo;&nbsp;l&rsquo;art a toujours &eacute;t&eacute; relationnel &agrave; des degr&eacute;s divers, c&rsquo;est-&agrave;-dire facteur de socialit&eacute; et fondateur de dialogue&nbsp;&raquo;, in <strong><em>Esth&eacute;tique relationnelle<\/em><\/strong>, Dijon,&nbsp;Les Presses du <a class=\"glossaryLink\" title=\"Dico : R&eacute;el\" aria-describedby=\"tt\" data-cmtooltip=\"&lt;div class=glossaryItemTitle&gt;R&eacute;el&lt;\/div&gt;&lt;div class=glossaryItemBody&gt;&amp;lt;strong&amp;gt;R&eacute;el&amp;lt;\/strong&amp;gt;&amp;lt;br\/&amp;gt;&amp;lt;strong&amp;gt;Le r&eacute;el est bien ce qui est et, en tant que tel, un et absolu, identique pour tous. &amp;lt;\/strong&amp;gt;Le r&eacute;el est, par d&eacute;finition, ce qui est. &amp;lt;strong&amp;gt;Mais il ne faut pas le r&eacute;duire &agrave; ce qui est mat&eacute;riel.&amp;lt;\/strong&amp;gt; La lumi&egrave;re, le vent, les sons... sont immat&eacute;riels (on ne peut pas les toucher, les prendre) pourtant ils sont(...) &lt;a class=glossaryTooltipMoreLink href=https:\/\/www.profartspla.site\/wordpress\/Dictionnaire\/reel\/  target=_blank&gt;Term details&lt;\/a&gt;&lt;\/div&gt;\" href=\"https:\/\/www.profartspla.site\/wordpress\/Dictionnaire\/reel\/\" target=\"_blank\" data-gt-translate-attributes='[{\"attribute\":\"data-cmtooltip\", \"format\":\"html\"}]' tabindex=\"0\" role=\"link\">r&eacute;el<\/a>,&nbsp;1998, p.13)<\/li>\n\n\n\n<li class=\"has-black-color has-text-color has-link-color wp-elements-20\"><strong><a class=\"glossaryLink\" title=\"Dico : Mondialisation\" aria-describedby=\"tt\" data-cmtooltip=\"&lt;div class=glossaryItemTitle&gt;Mondialisation&lt;\/div&gt;&lt;div class=glossaryItemBody&gt;La mondialisation en art d&eacute;signe le processus d&amp;#039;interconnexion entre diff&eacute;rentes cultures et traditions esth&eacute;tiques, favorisant la circulation des &oelig;uvres, des styles et des pratiques.&amp;lt;br&amp;gt;Le m&eacute;tissage, en art, renvoie &agrave; l&amp;#039;hybridation des formes et &agrave; la fusion des influences.&amp;lt;br&amp;gt;La relativit&eacute; des(...) &lt;a class=glossaryTooltipMoreLink href=https:\/\/www.profartspla.site\/wordpress\/Dictionnaire\/mondialisation\/  target=_blank&gt;Term details&lt;\/a&gt;&lt;\/div&gt;\" href=\"https:\/\/www.profartspla.site\/wordpress\/Dictionnaire\/mondialisation\/\" target=\"_blank\" data-gt-translate-attributes='[{\"attribute\":\"data-cmtooltip\", \"format\":\"html\"}]' tabindex=\"0\" role=\"link\">mondialisation<\/a><\/strong> (par ses interventions dans le monde, par la diffusion de ces oeuvres sur les r&eacute;seaux sociaux)<\/li>\n<\/ul>\n\n\n\n<div style=\"height:50px\" aria-hidden=\"true\" class=\"wp-block-spacer\"><\/div>\n\n\n\n<p class=\"has-black-color has-text-color has-background has-link-color wp-elements-21 wp-block-paragraph\" style=\"background-color:#fee5a2\"><strong><strong>PROBL<strong>&Eacute;<\/strong>MATIQUES <\/strong> possibles <\/strong>&gt;<strong> <\/strong>Donnez <strong>deux exemples d&rsquo;oeuvres personnelles<\/strong> (<a class=\"glossaryLink\" title=\"Dico : Cartel\" aria-describedby=\"tt\" data-cmtooltip=\"&lt;div class=glossaryItemTitle&gt;Cartel&lt;\/div&gt;&lt;div class=glossaryItemBody&gt;&amp;lt;strong&amp;gt;Cartel&amp;lt;\/strong&amp;gt;&amp;lt;br\/&amp;gt;Vient de l&rsquo;italien &laquo;&amp;nbsp;&amp;lt;em&amp;gt;cartello&amp;nbsp;&raquo;&amp;lt;\/em&amp;gt;&amp;nbsp;affiche&amp;lt;br\/&amp;gt;&amp;lt;strong&amp;gt;&Eacute;tiquette plac&eacute;e, dans les lieux d&amp;#039;exposition, au-dessous ou &agrave; c&ocirc;t&eacute; des &oelig;uvres pour permettre aux visiteurs d&amp;#039;identifier l&rsquo;&oelig;uvre.&amp;lt;\/strong&amp;gt;&amp;lt;br\/&amp;gt;En g&eacute;n&eacute;ral sont indiqu&eacute;s le pr&eacute;nom et le nom de l&rsquo;artiste, la date et le lieu de sa naissance, la date et le lieu de sa(...) &lt;a class=glossaryTooltipMoreLink href=https:\/\/www.profartspla.site\/wordpress\/Dictionnaire\/cartel\/  target=_blank&gt;Term details&lt;\/a&gt;&lt;\/div&gt;\" href=\"https:\/\/www.profartspla.site\/wordpress\/Dictionnaire\/cartel\/\" target=\"_blank\" data-gt-translate-attributes='[{\"attribute\":\"data-cmtooltip\", \"format\":\"html\"}]' tabindex=\"0\" role=\"link\">cartel<\/a> complet) pour chacune des probl&eacute;matiques ci-dessous (int&eacute;grer vos r&eacute;ponses &agrave; votre prise de note sur cette oeuvre) :<\/p>\n\n\n\n<ul class=\"wp-block-list\">\n<li class=\"has-black-color has-text-color has-link-color wp-elements-22\">Dans quelle mesure une oeuvre peut-elle avoir un impact sur un large public ?  <\/li>\n\n\n\n<li class=\"has-black-color has-text-color has-link-color wp-elements-23\">Dans quelle mesure une oeuvre peut-elle r&eacute;v&eacute;ler ou engendrer des engagements politiques ou soci&eacute;taux ? <\/li>\n\n\n\n<li class=\"has-black-color has-text-color has-link-color wp-elements-24\">Dans quelle mesure une oeuvre contemporaine peut-elle amener le public &agrave; revisiter une oeuvre du pass&eacute; ? <\/li>\n<\/ul>\n\n\n\n<div style=\"height:50px\" aria-hidden=\"true\" class=\"wp-block-spacer\"><\/div>\n\n\n\n<p class=\"has-text-align-center wp-block-paragraph\"><a href=\"https:\/\/api.fr.nolej.education\/shared\/activities\/YzU3MjI1ZTUtOGFhZC00YjlhLTkyYzYtZmJiNzE3YzRkZWZmOmY5NjE0ZGVkLTcwMDYtNGZkNC04M2U3LTBmMTU4YzZiMzgyMjoyOTY0MzBlMi01NGI2LTRjY2YtOWFmNS04MzRkMDVmM2U5YmU=\" target=\"_blank\" rel=\"noreferrer noopener\">https:\/\/api.fr.nolej.education\/shared\/activities\/ZOOM<\/a><\/p>\n\n\n\n<iframe width=\"100%\" height=\"1500\" src=\"https:\/\/api.fr.nolej.education\/shared\/activities\/YzU3MjI1ZTUtOGFhZC00YjlhLTkyYzYtZmJiNzE3YzRkZWZmOmY5NjE0ZGVkLTcwMDYtNGZkNC04M2U3LTBmMTU4YzZiMzgyMjoyOTY0MzBlMi01NGI2LTRjY2YtOWFmNS04MzRkMDVmM2U5YmU=\" frameborder=\"0\"> <\/iframe>\n\n\n\n<div style=\"height:100px\" aria-hidden=\"true\" class=\"wp-block-spacer\"><\/div>\n","protected":false},"excerpt":{"rendered":"<p>https:\/\/www.jr-art.net\/fr\/projects\/jr-au-louvre : consulter le site officiel de l&rsquo;<a class=\"glossaryLink\" title=\"Dico : Artiste\" aria-describedby=\"tt\" data-cmtooltip=\"&lt;div class=glossaryItemTitle&gt;Artiste&lt;\/div&gt;&lt;div class=glossaryItemBody&gt;&amp;lt;strong&amp;gt;Artiste&amp;lt;\/strong&amp;gt;&amp;lt;br\/&amp;gt;Le mot &laquo;&nbsp;artiste&nbsp;&raquo; vient du latin &amp;lt;em&amp;gt;artista&amp;lt;\/em&amp;gt;, qui lui-m&ecirc;me d&eacute;rive de &amp;lt;em&amp;gt;ars, artis&amp;lt;\/em&amp;gt;, signifiant &laquo;&nbsp;art&nbsp;&raquo; ou &laquo;&nbsp;habilet&eacute;&nbsp;&raquo;.&amp;lt;br\/&amp;gt;&amp;lt;figure class=&amp;quot;wp-block-image size-large&amp;quot;&amp;gt;&amp;lt;\/figure&amp;gt;&amp;lt;div style=&amp;quot;height:100px&amp;quot; aria-hidden=&amp;quot;true&amp;quot; class=&amp;quot;wp-block-spacer&amp;quot;&amp;gt;&amp;lt;\/div&amp;gt;&amp;quot;Celui qui travaille avec ses mains est un ouvrier.&amp;lt;br&amp;gt;Celui qui travaille avec ses mains et sa t&ecirc;te est un artisan.&amp;lt;br&amp;gt;Celui qui travaille avec ses mains et sa t&ecirc;te et son c&oelig;ur est(...) &lt;a class=glossaryTooltipMoreLink href=https:\/\/www.profartspla.site\/wordpress\/Dictionnaire\/artiste\/  target=_blank&gt;Term details&lt;\/a&gt;&lt;\/div&gt;\" href=\"https:\/\/www.profartspla.site\/wordpress\/Dictionnaire\/artiste\/\" target=\"_blank\" data-gt-translate-attributes='[{\"attribute\":\"data-cmtooltip\", \"format\":\"html\"}]' tabindex=\"0\" role=\"link\">artiste<\/a> JR La&nbsp;<a class=\"glossaryLink\" title=\"Dico : Pr&eacute;sentation\" aria-describedby=\"tt\" data-cmtooltip=\"&lt;div class=glossaryItemTitle&gt;Pr&eacute;sentation&lt;\/div&gt;&lt;div class=glossaryItemBody&gt;&amp;lt;strong&amp;gt;Pr&eacute;sentation&amp;lt;\/strong&amp;gt;&amp;lt;br\/&amp;gt;Voir aussi &agrave; repr&eacute;sentation. Ces deux mots ne s&amp;#039;opposent pas, ils se compl&egrave;tent.&amp;lt;br\/&amp;gt;&amp;lt;iframe src=&amp;quot;https:\/\/prezi.com\/p\/embed\/FJ3FGiZD89Tm9Htfus0F\/&amp;quot; id=&amp;quot;iframe_container&amp;quot; frameborder=&amp;quot;0&amp;quot; webkitallowfullscreen=&amp;quot;&amp;quot; mozallowfullscreen=&amp;quot;&amp;quot; allowfullscreen=&amp;quot;&amp;quot; allow=&amp;quot;autoplay; fullscreen&amp;quot; height=&amp;quot;600&amp;quot; width=&amp;quot;100%&amp;quot;&amp;gt;&amp;lt;\/iframe&amp;gt;https:\/\/prezi.com\/p\/edit\/zkuz2-clu-cd\/ ou https:\/\/prezi.com\/view\/Hvbdjc0zPcqWN4SrfHQZ\/&amp;lt;br\/&amp;gt;&amp;lt;iframe id=&amp;quot;iframe_container&amp;quot; webkitallowfullscreen=&amp;quot;&amp;quot; mozallowfullscreen=&amp;quot;&amp;quot; allowfullscreen=&amp;quot;&amp;quot; src=&amp;quot;https:\/\/prezi.com\/embed\/ddukgxg4lyj2\/?bgcolor=ffffff&amp;amp;lock_to_path=0&amp;amp;autoplay=0&amp;amp;autohide_ctrls=0&amp;amp;landing_data=bHVZZmNaNDBIWnNjdEVENDRhZDFNZGNIUE43MHdLNWpsdFJLb2ZHanI5ejdzbjJFckM1SVc1Rm85OXBDY25nV3RRPT0&amp;amp;landing_sign=lVFjFanM2m6NZlwvTVPdgWUC15KdWo4fCYrx1s4mmoU&amp;quot; width=&amp;quot;100%&amp;quot; height=&amp;quot;600&amp;quot; frameborder=&amp;quot;0&amp;quot;&amp;gt;&amp;lt;\/iframe&amp;gt;&amp;lt;iframe src=&amp;quot;https:\/\/onedrive.live.com\/embed?cid=435CFFAA0495B0C1&amp;amp;resid=435CFFAA0495B0C1%2144752&amp;amp;authkey=AI9GjeojCHKIXw8&amp;amp;em=2&amp;quot; width=&amp;quot;100%&amp;quot; height=&amp;quot;900&amp;quot; frameborder=&amp;quot;0&amp;quot; scrolling=&amp;quot;no&amp;quot;&amp;gt;&amp;lt;\/iframe&amp;gt;&amp;lt;strong&amp;gt;Merci &agrave; Fred pour ce prezi : https:\/\/prezi.com\/user\/ouhk3hxwf44x\/ &amp;lt;\/strong&amp;gt;&amp;lt;br\/&amp;gt;&amp;lt;span style=&amp;quot;border-radius: 2px; text-indent: 20px; width: auto; padding: 0px 4px 0px 0px; text-align: center; font: bold 11px\/20px &amp;#039;Helvetica Neue&amp;#039;,Helvetica,sans-serif; color: #ffffff; background: #bd081c  no-repeat scroll 3px 50% \/ 14px 14px; position: absolute; opacity: 1; z-index: 8675309; display: none; cursor: pointer; top: 5325px; left: 18px;&amp;quot;&amp;gt;Enregistrer&amp;lt;\/span&amp;gt;&amp;lt;br\/&amp;gt;&amp;lt;span style=&amp;quot;border-radius: 2px; text-indent: 20px; width: auto; padding: 0px 4px 0px 0px; text-align: center; font: bold 11px\/20px &amp;#039;Helvetica Neue&amp;#039;,Helvetica,sans-serif; color: #ffffff; background: #bd081c  no-repeat scroll 3px 50% \/ 14px 14px; position: absolute; opacity: 1; z-index: 8675309; display: none; cursor: pointer; top: 3251px; left: 18px;&amp;quot;&amp;gt;Enregistrer&amp;lt;\/span&amp;gt;&amp;lt;br\/&amp;gt;&amp;lt;span style=&amp;quot;border-radius: 2px; text-indent: 20px; width: auto; padding: 0px 4px 0px 0px; text-align: center; font: bold 11px\/20px &amp;#039;Helvetica Neue&amp;#039;,Helvetica,sans-serif; color: #ffffff; background: #bd081c  no-repeat scroll 3px 50% \/ 14px 14px; position: absolute; opacity: 1; z-index: 8675309; display: none; cursor: pointer; top: 5396px; left: 18px;&amp;quot;&amp;gt;Enregistrer&amp;lt;\/span&amp;gt;&amp;lt;br\/&amp;gt;&amp;lt;span style=&amp;quot;border-radius: 2px; text-indent: 20px; width: auto; padding: 0px 4px 0px 0px; text-align: center; font: bold 11px\/20px &amp;#039;Helvetica Neue&amp;#039;,Helvetica,sans-serif; color: #ffffff; background: #bd081c  no-repeat scroll 3px 50% \/ 14px 14px; position: absolute; opacity: 1; z-index: 8675309; display: none; cursor: pointer;&amp;quot;&amp;gt;Enregistrer&amp;lt;\/span&amp;gt;&amp;lt;br\/&amp;gt;&amp;lt;span style=&amp;quot;border-radius: 2px; text-indent: 20px; width: auto; padding: 0px 4px 0px 0px; text-align: center; font: bold 11px\/20px &amp;#039;Helvetica Neue&amp;#039;,Helvetica,sans-serif; color: #ffffff; background: #bd081c  no-repeat scroll 3px 50% \/ 14px 14px; position: absolute; opacity: 1; z-index: 8675309; display: none; cursor: pointer; top: 230px; left:(...)&amp;lt;\/span&amp;gt; &lt;a class=glossaryTooltipMoreLink href=https:\/\/www.profartspla.site\/wordpress\/Dictionnaire\/presentation\/  target=_blank&gt;Term details&lt;\/a&gt;&lt;\/div&gt;\" href=\"https:\/\/www.profartspla.site\/wordpress\/Dictionnaire\/presentation\/\" target=\"_blank\" data-gt-translate-attributes='[{\"attribute\":\"data-cmtooltip\", \"format\":\"html\"}]' tabindex=\"0\" role=\"link\">pr&eacute;sentation<\/a>&nbsp;de l&rsquo;&oelig;uvre.&nbsp;Sollicitation du&nbsp;<a class=\"glossaryLink\" title=\"Dico : Statut du spectateur\" aria-describedby=\"tt\" data-cmtooltip=\"&lt;div class=glossaryItemTitle&gt;Statut du spectateur&lt;\/div&gt;&lt;div class=glossaryItemBody&gt;&amp;lt;strong&amp;gt;&amp;nbsp;Statut du spectateur&amp;lt;\/strong&amp;gt;&amp;lt;br\/&amp;gt;Oeuvre, artiste, espace et spectateur sont en constant dialogue. Du&amp;lt;strong&amp;gt; large public&amp;lt;\/strong&amp;gt; au &amp;lt;strong&amp;gt;critique d&amp;#039;art&amp;lt;\/strong&amp;gt; &amp;lt;strong&amp;gt;sp&eacute;cialiste&amp;lt;\/strong&amp;gt;, comment se d&eacute;cline la posture du spectateur ? Simple passant, visiteur occasionnel ou impr&eacute;vu, spectateur, inconditionnel de l&amp;#039;art, ... Le spectateur peut &ecirc;tre(...) &lt;a class=glossaryTooltipMoreLink href=https:\/\/www.profartspla.site\/wordpress\/Dictionnaire\/statut-du-spectateur\/  target=_blank&gt;Term details&lt;\/a&gt;&lt;\/div&gt;\" href=\"https:\/\/www.profartspla.site\/wordpress\/Dictionnaire\/statut-du-spectateur\/\" target=\"_blank\" data-gt-translate-attributes='[{\"attribute\":\"data-cmtooltip\", \"format\":\"html\"}]' tabindex=\"0\" role=\"link\">spectateur<\/a>&nbsp;: strat&eacute;gies et vis&eacute;es de l&rsquo;<a class=\"glossaryLink\" title=\"Dico : Artiste\" aria-describedby=\"tt\" data-cmtooltip=\"&lt;div class=glossaryItemTitle&gt;Artiste&lt;\/div&gt;&lt;div class=glossaryItemBody&gt;&amp;lt;strong&amp;gt;Artiste&amp;lt;\/strong&amp;gt;&amp;lt;br\/&amp;gt;Le mot &laquo;&nbsp;artiste&nbsp;&raquo; vient du latin &amp;lt;em&amp;gt;artista&amp;lt;\/em&amp;gt;, qui lui-m&ecirc;me d&eacute;rive de &amp;lt;em&amp;gt;ars, artis&amp;lt;\/em&amp;gt;, signifiant &laquo;&nbsp;art&nbsp;&raquo; ou &laquo;&nbsp;habilet&eacute;&nbsp;&raquo;.&amp;lt;br\/&amp;gt;&amp;lt;figure class=&amp;quot;wp-block-image size-large&amp;quot;&amp;gt;&amp;lt;\/figure&amp;gt;&amp;lt;div style=&amp;quot;height:100px&amp;quot; aria-hidden=&amp;quot;true&amp;quot; class=&amp;quot;wp-block-spacer&amp;quot;&amp;gt;&amp;lt;\/div&amp;gt;&amp;quot;Celui qui travaille avec ses mains est un ouvrier.&amp;lt;br&amp;gt;Celui qui travaille avec ses mains et sa t&ecirc;te est un artisan.&amp;lt;br&amp;gt;Celui qui travaille avec ses mains et sa t&ecirc;te et son c&oelig;ur est(...) &lt;a class=glossaryTooltipMoreLink href=https:\/\/www.profartspla.site\/wordpress\/Dictionnaire\/artiste\/  target=_blank&gt;Term details&lt;\/a&gt;&lt;\/div&gt;\" href=\"https:\/\/www.profartspla.site\/wordpress\/Dictionnaire\/artiste\/\" target=\"_blank\" data-gt-translate-attributes='[{\"attribute\":\"data-cmtooltip\", \"format\":\"html\"}]' tabindex=\"0\" role=\"link\">artiste<\/a>&nbsp;ou du&nbsp;<a class=\"glossaryLink\" title=\"Dico : Commissaire d&rsquo;exposition\" aria-describedby=\"tt\" data-cmtooltip=\"&lt;div class=glossaryItemTitle&gt;Commissaire d&rsquo;exposition&lt;\/div&gt;&lt;div class=glossaryItemBody&gt;&amp;lt;strong&amp;gt;Commissaire d&rsquo;exposition&amp;lt;\/strong&amp;gt;&amp;lt;br\/&amp;gt;&amp;lt;strong&amp;gt;Le commissaire d&rsquo;exposition est&amp;nbsp;charg&eacute; de concevoir et organiser une exposition&amp;nbsp;temporaire d&rsquo;oeuvres&amp;nbsp;d&rsquo;art, monographique ou collective. &amp;lt;\/strong&amp;gt;Le commissaire d&eacute;termine le&amp;lt;strong&amp;gt; choix de l&rsquo;artiste&amp;lt;\/strong&amp;gt; ou des artistes&amp;nbsp;ainsi que des&amp;nbsp;oeuvres, la &amp;lt;strong&amp;gt;probl&eacute;matique de l&rsquo;exposition&amp;lt;\/strong&amp;gt;, la &amp;lt;strong&amp;gt;mise en(...)&amp;lt;\/strong&amp;gt; &lt;a class=glossaryTooltipMoreLink href=https:\/\/www.profartspla.site\/wordpress\/Dictionnaire\/commissaire-dexposition\/  target=_blank&gt;Term details&lt;\/a&gt;&lt;\/div&gt;\" href=\"https:\/\/www.profartspla.site\/wordpress\/Dictionnaire\/commissaire-dexposition\/\" target=\"_blank\" data-gt-translate-attributes='[{\"attribute\":\"data-cmtooltip\", \"format\":\"html\"}]' tabindex=\"0\" role=\"link\">commissaire d&rsquo;exposition<\/a>&nbsp;ou du diffuseur (&eacute;diteur, galeriste, etc.) Autres axes pour lesquelles cette oeuvre peut-&ecirc;tre cit&eacute;e en r&eacute;f&eacute;rence personnelle Explications : <a class=\"glossaryLink\" title=\"Dico : Rapport au r&eacute;el\" aria-describedby=\"tt\" data-cmtooltip=\"&lt;div class=glossaryItemTitle&gt;Rapport au r&eacute;el&lt;\/div&gt;&lt;div class=glossaryItemBody&gt;&amp;lt;strong&amp;gt;Rapport au r&eacute;el&amp;lt;\/strong&amp;gt;&amp;lt;br\/&amp;gt;D&eacute;signe le(s) lien(s) qu&amp;#039;une oeuvre entretient avec le r&eacute;el, qu&amp;#039;il soit son r&eacute;f&eacute;rent (&amp;lt;em&amp;gt;mimesis&amp;lt;\/em&amp;gt;, ressemblance, degr&eacute; d&amp;#039;iconicit&eacute; tr&egrave;s fort), son double (&amp;lt;em&amp;gt;analogon&amp;lt;\/em&amp;gt;, vraisemblance), &eacute;loign&eacute; de sa repr&eacute;sentation (valeur expressive de l&amp;#039;&eacute;cart), totalement absent (abstraction et degr&eacute;(...) &lt;a class=glossaryTooltipMoreLink href=https:\/\/www.profartspla.site\/wordpress\/Dictionnaire\/rapport-reel\/  target=_blank&gt;Term details&lt;\/a&gt;&lt;\/div&gt;\" href=\"https:\/\/www.profartspla.site\/wordpress\/Dictionnaire\/rapport-reel\/\" target=\"_blank\" data-gt-translate-attributes='[{\"attribute\":\"data-cmtooltip\", \"format\":\"html\"}]' tabindex=\"0\" role=\"link\">Rapport au r&eacute;el<\/a> : documenter et augmenter le <a class=\"glossaryLink\" title=\"Dico : R&eacute;el\" aria-describedby=\"tt\" data-cmtooltip=\"&lt;div class=glossaryItemTitle&gt;R&eacute;el&lt;\/div&gt;&lt;div class=glossaryItemBody&gt;&amp;lt;strong&amp;gt;R&eacute;el&amp;lt;\/strong&amp;gt;&amp;lt;br\/&amp;gt;&amp;lt;strong&amp;gt;Le r&eacute;el est bien ce qui est et, en tant que tel, un et absolu, identique pour tous. &amp;lt;\/strong&amp;gt;Le r&eacute;el est, par d&eacute;finition, ce qui est. &amp;lt;strong&amp;gt;Mais il ne faut pas le r&eacute;duire &agrave; ce qui est mat&eacute;riel.&amp;lt;\/strong&amp;gt; La lumi&egrave;re, le vent, les sons... sont immat&eacute;riels (on ne peut pas les toucher, les prendre) pourtant ils sont(...) &lt;a class=glossaryTooltipMoreLink href=https:\/\/www.profartspla.site\/wordpress\/Dictionnaire\/reel\/  target=_blank&gt;Term details&lt;\/a&gt;&lt;\/div&gt;\" href=\"https:\/\/www.profartspla.site\/wordpress\/Dictionnaire\/reel\/\" target=\"_blank\" data-gt-translate-attributes='[{\"attribute\":\"data-cmtooltip\", \"format\":\"html\"}]' tabindex=\"0\" role=\"link\">r&eacute;el<\/a> Illusions d&rsquo;optique avec les photographies coll&eacute;es en <a class=\"glossaryLink\" title=\"Dico : Anamorphose\" aria-describedby=\"tt\" data-cmtooltip=\"&lt;div class=glossaryItemTitle&gt;Anamorphose&lt;\/div&gt;&lt;div class=glossaryItemBody&gt;&amp;lt;strong&amp;gt;Anamorphose&amp;lt;\/strong&amp;gt;&amp;lt;br\/&amp;gt;Repr&eacute;sentation qui, selon l&rsquo;angle de vue traditionnel (par exemple, de face) est d&eacute;form&eacute;e. La perspective est d&eacute;tourn&eacute;e pour cr&eacute;er des images qui se recomposent &agrave; partir d&amp;#039;un seul point de vue pr&eacute;&eacute;tabli.&amp;lt;br\/&amp;gt;Oeuvres en r&eacute;f&eacute;rence :&amp;lt;br\/&amp;gt;&amp;lt;em&amp;gt;&amp;lt;strong&amp;gt;&amp;lt;span style=&amp;quot;text-decoration: underline;&amp;quot;&amp;gt;Les Ambassadeurs&amp;lt;\/span&amp;gt;&amp;lt;\/strong&amp;gt;,&amp;lt;\/em&amp;gt; de&amp;lt;strong&amp;gt; Hans Holbein le Jeune,&amp;lt;\/strong&amp;gt; huile sur bois(...) &lt;a class=glossaryTooltipMoreLink href=https:\/\/www.profartspla.site\/wordpress\/Dictionnaire\/anamorphose\/  target=_blank&gt;Term details&lt;\/a&gt;&lt;\/div&gt;\" href=\"https:\/\/www.profartspla.site\/wordpress\/Dictionnaire\/anamorphose\/\" target=\"_blank\" data-gt-translate-attributes='[{\"attribute\":\"data-cmtooltip\", \"format\":\"html\"}]' tabindex=\"0\" role=\"link\">anamorphoses<\/a> sur &hellip; <\/p>\n","protected":false},"author":1,"featured_media":24198,"comment_status":"closed","ping_status":"closed","sticky":false,"template":"","format":"standard","meta":{"_jetpack_newsletter_access":"","_jetpack_dont_email_post_to_subs":false,"_jetpack_newsletter_tier_id":0,"_jetpack_memberships_contains_paywalled_content":false,"_jetpack_feature_clip_id":0,"_jetpack_memberships_contains_paid_content":false,"footnotes":"","jetpack_post_was_ever_published":false},"categories":[1008,1207,1010],"tags":[221,191,258,329,448,1045,1187,1186,384,806],"class_list":["post-24620","post","type-post","status-publish","format-standard","has-post-thumbnail","hentry","category-cours-terminale-spe-2024-2025","category-cours-terminale-spe-2025-2026","category-methodologies-pour-les-epreuves-du-baccalaureat-2024-2025","tag-collage","tag-espace","tag-in-situ","tag-installation","tag-jr","tag-lieu","tag-liu-bolin","tag-louve","tag-performance","tag-spectateur"],"jetpack_sharing_enabled":true,"jetpack_featured_media_url":"https:\/\/i0.wp.com\/www.profartspla.site\/wordpress\/wp-content\/uploads\/2025\/04\/focus.jpg?fit=200%2C169&ssl=1","_links":{"self":[{"href":"https:\/\/www.profartspla.site\/wordpress\/wp-json\/wp\/v2\/posts\/24620","targetHints":{"allow":["GET"]}}],"collection":[{"href":"https:\/\/www.profartspla.site\/wordpress\/wp-json\/wp\/v2\/posts"}],"about":[{"href":"https:\/\/www.profartspla.site\/wordpress\/wp-json\/wp\/v2\/types\/post"}],"author":[{"embeddable":true,"href":"https:\/\/www.profartspla.site\/wordpress\/wp-json\/wp\/v2\/users\/1"}],"replies":[{"embeddable":true,"href":"https:\/\/www.profartspla.site\/wordpress\/wp-json\/wp\/v2\/comments?post=24620"}],"version-history":[{"count":34,"href":"https:\/\/www.profartspla.site\/wordpress\/wp-json\/wp\/v2\/posts\/24620\/revisions"}],"predecessor-version":[{"id":28194,"href":"https:\/\/www.profartspla.site\/wordpress\/wp-json\/wp\/v2\/posts\/24620\/revisions\/28194"}],"wp:featuredmedia":[{"embeddable":true,"href":"https:\/\/www.profartspla.site\/wordpress\/wp-json\/wp\/v2\/media\/24198"}],"wp:attachment":[{"href":"https:\/\/www.profartspla.site\/wordpress\/wp-json\/wp\/v2\/media?parent=24620"}],"wp:term":[{"taxonomy":"category","embeddable":true,"href":"https:\/\/www.profartspla.site\/wordpress\/wp-json\/wp\/v2\/categories?post=24620"},{"taxonomy":"post_tag","embeddable":true,"href":"https:\/\/www.profartspla.site\/wordpress\/wp-json\/wp\/v2\/tags?post=24620"}],"curies":[{"name":"wp","href":"https:\/\/api.w.org\/{rel}","templated":true}]}}