{"id":24622,"date":"2025-04-17T16:47:55","date_gmt":"2025-04-17T14:47:55","guid":{"rendered":"https:\/\/www.profartspla.site\/wordpress\/?p=24622"},"modified":"2025-06-07T15:50:34","modified_gmt":"2025-06-07T13:50:34","slug":"nuit-des-musees-les-eleves-de-premieres-specialite-arts-plastiques-exposent-au-musee-de-la-cour-dor","status":"publish","type":"post","link":"https:\/\/www.profartspla.site\/wordpress\/2025\/04\/17\/nuit-des-musees-les-eleves-de-premieres-specialite-arts-plastiques-exposent-au-musee-de-la-cour-dor\/","title":{"rendered":"Nuit des Mus\u00e9es 2025 : les \u00e9l\u00e8ves de premi\u00e8re sp\u00e9cialit\u00e9 arts plastiques exposent au Mus\u00e9e de la Cour d&rsquo;or"},"content":{"rendered":"<p>Rendez-vous le<strong> samedi 17 mai 2025 de <mark style=\"background-color:rgba(0, 0, 0, 0)\" class=\"has-inline-color has-vivid-red-color\">19 h 30<\/mark> &agrave; minuit <\/strong>pour vivre une soir&eacute;e culturelle unique &agrave; l&rsquo;occasion de la &#8203;21&#7497; &eacute;dition&#8203; de la Nuit europ&eacute;enne des mus&eacute;es.&nbsp;<\/p>\n\n\n\n<p>&Agrave; l&rsquo;initiative du minist&egrave;re de la Culture, cet &eacute;v&eacute;nement incontournable rassemblera pr&egrave;s de 3 400 mus&eacute;es &agrave; travers l&rsquo;Europe, dont plus de 1 300 en France, qui ouvriront leurs portes gratuitement de la tomb&eacute;e de la nuit jusqu&rsquo;&agrave; minuit.&nbsp;<\/p>\n\n\n\n<p>Une nuit pour red&eacute;couvrir les mus&eacute;es autrement&nbsp;&hellip; <\/p>\n\n\n\n<p><br><strong>Au programme<\/strong> : <a class=\"glossaryLink\"  aria-describedby=\"tt\"  data-cmtooltip=\"cmtt_00e1dcd087643be50967bd2050b29be5\"  href=\"https:\/\/www.profartspla.site\/wordpress\/Dictionnaire\/exposition\/\"  target=\"_blank\"  data-gt-translate-attributes='[{\"attribute\":\"data-cmtooltip\", \"format\":\"html\"}]' tabindex='0' role='link'>exposition<\/a> de <a class=\"glossaryLink\"  aria-describedby=\"tt\"  data-cmtooltip=\"cmtt_7e74892c91b125d8593ae844297b803d\"  href=\"https:\/\/www.profartspla.site\/wordpress\/Dictionnaire\/sculpture\/\"  target=\"_blank\"  data-gt-translate-attributes='[{\"attribute\":\"data-cmtooltip\", \"format\":\"html\"}]' tabindex='0' role='link'>sculptures<\/a>, photographies, hologramme, designs textiles, &hellip; et m&eacute;diation par les <strong>&eacute;l&egrave;ves de premi&egrave;re sp&eacute;cialit&eacute; arts plastiques du lyc&eacute;e de la communication au <a class=\"glossaryLink\"  aria-describedby=\"tt\"  data-cmtooltip=\"cmtt_f50670b0c04e0fa882016c5609c90f50\"  href=\"https:\/\/www.profartspla.site\/wordpress\/Dictionnaire\/musee\/\"  target=\"_blank\"  data-gt-translate-attributes='[{\"attribute\":\"data-cmtooltip\", \"format\":\"html\"}]' tabindex='0' role='link'>Mus&eacute;e<\/a> de la Cour d&rsquo;Or <\/strong>avec comme oeuvre commune, le <a class=\"glossaryLink\"  aria-describedby=\"tt\"  data-cmtooltip=\"cmtt_1fd80df3930930db24f28ec653a83032\"  href=\"https:\/\/www.profartspla.site\/wordpress\/Dictionnaire\/vitrail-au-plomb\/\"  target=\"_blank\"  data-gt-translate-attributes='[{\"attribute\":\"data-cmtooltip\", \"format\":\"html\"}]' tabindex='0' role='link'>vitrail<\/a> <strong>Saint Pierre, Saint Louis et saint Michel prot&eacute;geant Paris<\/strong> <strong>de Laurent &ndash; Charles Mar&eacute;chal<\/strong>. <\/p>\n\n\n\n<p>Voir les consignes de travail propos&eacute;es sur <a href=\"https:\/\/www.profartspla.site\/wordpress\/2025\/01\/05\/projet-nuit-des-musees-2025\/\">https:\/\/www.profartspla.site\/wordpress\/2025\/01\/05\/projet-nuit-des-musees-2025\/<\/a> <\/p>\n\n\n\n<div class=\"wp-block-columns is-layout-flex wp-container-core-columns-is-layout-9d6595d7 wp-block-columns-is-layout-flex\">\n<div class=\"wp-block-column is-layout-flow wp-block-column-is-layout-flow\"><div class=\"wp-block-image\">\n<figure class=\"aligncenter size-large\"><a href=\"https:\/\/i0.wp.com\/www.profartspla.site\/wordpress\/wp-content\/uploads\/2025\/04\/affiche_nuitdesmusees2025.jpg?ssl=1\" target=\"_blank\" rel=\" noreferrer noopener\"><img data-recalc-dims=\"1\" loading=\"lazy\" decoding=\"async\" width=\"768\" height=\"1024\" src=\"https:\/\/i0.wp.com\/www.profartspla.site\/wordpress\/wp-content\/uploads\/2025\/04\/affiche_nuitdesmusees2025.jpg?resize=768%2C1024&#038;ssl=1\" alt=\"\" class=\"wp-image-24624\" srcset=\"https:\/\/i0.wp.com\/www.profartspla.site\/wordpress\/wp-content\/uploads\/2025\/04\/affiche_nuitdesmusees2025.jpg?resize=768%2C1024&amp;ssl=1 768w, https:\/\/i0.wp.com\/www.profartspla.site\/wordpress\/wp-content\/uploads\/2025\/04\/affiche_nuitdesmusees2025.jpg?resize=225%2C300&amp;ssl=1 225w, https:\/\/i0.wp.com\/www.profartspla.site\/wordpress\/wp-content\/uploads\/2025\/04\/affiche_nuitdesmusees2025.jpg?resize=45%2C60&amp;ssl=1 45w, https:\/\/i0.wp.com\/www.profartspla.site\/wordpress\/wp-content\/uploads\/2025\/04\/affiche_nuitdesmusees2025.jpg?w=826&amp;ssl=1 826w\" sizes=\"auto, (max-width: 768px) 100vw, 768px\"\/><\/a><\/figure>\n<\/div><\/div>\n\n\n\n<div class=\"wp-block-column is-layout-flow wp-block-column-is-layout-flow\"><div class=\"wp-block-image\">\n<figure class=\"aligncenter size-large\"><a href=\"https:\/\/i0.wp.com\/www.profartspla.site\/wordpress\/wp-content\/uploads\/2025\/04\/flyer_invit_nuitdesmusees2025.png?ssl=1\" target=\"_blank\" rel=\" noreferrer noopener\"><img data-recalc-dims=\"1\" loading=\"lazy\" decoding=\"async\" width=\"768\" height=\"1024\" src=\"https:\/\/i0.wp.com\/www.profartspla.site\/wordpress\/wp-content\/uploads\/2025\/04\/flyer_invit_nuitdesmusees2025.png?resize=768%2C1024&#038;ssl=1\" alt=\"\" class=\"wp-image-25134\" srcset=\"https:\/\/i0.wp.com\/www.profartspla.site\/wordpress\/wp-content\/uploads\/2025\/04\/flyer_invit_nuitdesmusees2025.png?resize=768%2C1024&amp;ssl=1 768w, https:\/\/i0.wp.com\/www.profartspla.site\/wordpress\/wp-content\/uploads\/2025\/04\/flyer_invit_nuitdesmusees2025.png?resize=225%2C300&amp;ssl=1 225w, https:\/\/i0.wp.com\/www.profartspla.site\/wordpress\/wp-content\/uploads\/2025\/04\/flyer_invit_nuitdesmusees2025.png?resize=45%2C60&amp;ssl=1 45w, https:\/\/i0.wp.com\/www.profartspla.site\/wordpress\/wp-content\/uploads\/2025\/04\/flyer_invit_nuitdesmusees2025.png?w=826&amp;ssl=1 826w\" sizes=\"auto, (max-width: 768px) 100vw, 768px\"\/><\/a><figcaption class=\"wp-element-caption\">Flyer d&rsquo;invitation envoy&eacute; par mail et par Pronote aux &eacute;l&egrave;ves, &eacute;tudiants, parents, chefs d&rsquo;&eacute;tablissement, agents, AED, et ensemble du personnel du lyc&eacute;e<\/figcaption><\/figure>\n<\/div><\/div>\n<\/div>\n","protected":false},"excerpt":{"rendered":"<p>Rendez-vous le samedi 17 mai 2025 de 19 h 30 \u00e0 minuit pour vivre une soir\u00e9e culturelle unique \u00e0 l\u2019occasion de la \u200b21\u1d49 \u00e9dition\u200b de la Nuit europ\u00e9enne des mus\u00e9es.&nbsp; \u00c0 l\u2019initiative du minist\u00e8re de la Culture, cet \u00e9v\u00e9nement incontournable rassemblera pr\u00e8s de 3 400 mus\u00e9es \u00e0 travers l\u2019Europe, dont plus de 1 300 en &hellip; <\/p>\n","protected":false},"author":1,"featured_media":24623,"comment_status":"closed","ping_status":"closed","sticky":false,"template":"","format":"standard","meta":{"_jetpack_memberships_contains_paid_content":false,"footnotes":""},"categories":[1015,1005,1006,1002,1008],"tags":[],"class_list":["post-24622","post","type-post","status-publish","format-standard","has-post-thumbnail","hentry","category-cours-2024-2025-p-o","category-cours-2024-2025-s","category-cours-2024-2025-t-o","category-cours-premiere-spe-2024-2025","category-cours-terminale-spe-2024-2025"],"jetpack_featured_media_url":"https:\/\/i0.wp.com\/www.profartspla.site\/wordpress\/wp-content\/uploads\/2025\/04\/nuitmusee2025-e1744901098817.jpg?fit=200%2C113&ssl=1","jetpack_sharing_enabled":true,"_links":{"self":[{"href":"https:\/\/www.profartspla.site\/wordpress\/wp-json\/wp\/v2\/posts\/24622","targetHints":{"allow":["GET"]}}],"collection":[{"href":"https:\/\/www.profartspla.site\/wordpress\/wp-json\/wp\/v2\/posts"}],"about":[{"href":"https:\/\/www.profartspla.site\/wordpress\/wp-json\/wp\/v2\/types\/post"}],"author":[{"embeddable":true,"href":"https:\/\/www.profartspla.site\/wordpress\/wp-json\/wp\/v2\/users\/1"}],"replies":[{"embeddable":true,"href":"https:\/\/www.profartspla.site\/wordpress\/wp-json\/wp\/v2\/comments?post=24622"}],"version-history":[{"count":7,"href":"https:\/\/www.profartspla.site\/wordpress\/wp-json\/wp\/v2\/posts\/24622\/revisions"}],"predecessor-version":[{"id":25137,"href":"https:\/\/www.profartspla.site\/wordpress\/wp-json\/wp\/v2\/posts\/24622\/revisions\/25137"}],"wp:featuredmedia":[{"embeddable":true,"href":"https:\/\/www.profartspla.site\/wordpress\/wp-json\/wp\/v2\/media\/24623"}],"wp:attachment":[{"href":"https:\/\/www.profartspla.site\/wordpress\/wp-json\/wp\/v2\/media?parent=24622"}],"wp:term":[{"taxonomy":"category","embeddable":true,"href":"https:\/\/www.profartspla.site\/wordpress\/wp-json\/wp\/v2\/categories?post=24622"},{"taxonomy":"post_tag","embeddable":true,"href":"https:\/\/www.profartspla.site\/wordpress\/wp-json\/wp\/v2\/tags?post=24622"}],"curies":[{"name":"wp","href":"https:\/\/api.w.org\/{rel}","templated":true}]}}