{"id":26168,"date":"2026-01-23T09:12:49","date_gmt":"2026-01-23T08:12:49","guid":{"rendered":"https:\/\/www.profartspla.site\/wordpress\/?p=26168"},"modified":"2026-01-23T09:13:00","modified_gmt":"2026-01-23T08:13:00","slug":"dates-du-baccalaureat-session-2026","status":"publish","type":"post","link":"https:\/\/www.profartspla.site\/wordpress\/2026\/01\/23\/dates-du-baccalaureat-session-2026\/","title":{"rendered":"Dates du baccalaur\u00e9at session 2026"},"content":{"rendered":"<h3 class=\"wp-block-heading\" id=\"edugouv-summary-item-19\"><mark style=\"background-color:rgba(0, 0, 0, 0)\" class=\"has-inline-color has-vivid-purple-color\">&Eacute;preuves &eacute;crites<\/mark><\/h3>\n\n\n\n<ul class=\"wp-block-list\">\n<li><a class=\"glossaryLink\"  aria-describedby=\"tt\"  data-cmtooltip=\"cmtt_82354dd7b22f854fae822ec9efd7d736\"  href=\"https:\/\/www.profartspla.site\/wordpress\/Dictionnaire\/epreuve\/\"  target=\"_blank\"  data-gt-translate-attributes='[{\"attribute\":\"data-cmtooltip\", \"format\":\"html\"}]' tabindex='0' role='link'>&Eacute;preuves<\/a> de philosophie : le&nbsp;<strong>lundi 15 juin 2026 matin<\/strong>.<\/li>\n\n\n\n<li><a class=\"glossaryLink\"  aria-describedby=\"tt\"  data-cmtooltip=\"cmtt_82354dd7b22f854fae822ec9efd7d736\"  href=\"https:\/\/www.profartspla.site\/wordpress\/Dictionnaire\/epreuve\/\"  target=\"_blank\"  data-gt-translate-attributes='[{\"attribute\":\"data-cmtooltip\", \"format\":\"html\"}]' tabindex='0' role='link'>&Eacute;preuves<\/a> &eacute;crites de sp&eacute;cialit&eacute;s : les&nbsp;<strong>mardi 16, mercredi 17 et jeudi 18<\/strong>&nbsp;<strong>juin<\/strong>&nbsp;<strong>2026.<\/strong><\/li>\n<\/ul>\n\n\n\n<div style=\"height:50px\" aria-hidden=\"true\" class=\"wp-block-spacer\"><\/div>\n\n\n\n<h3 class=\"wp-block-heading\" id=\"edugouv-summary-item-20\"><mark style=\"background-color:rgba(0, 0, 0, 0)\" class=\"has-inline-color has-vivid-purple-color\">&Eacute;preuves orales<\/mark><\/h3>\n\n\n\n<ul class=\"wp-block-list\">\n<li><strong><a class=\"glossaryLink\"  aria-describedby=\"tt\"  data-cmtooltip=\"cmtt_82354dd7b22f854fae822ec9efd7d736\"  href=\"https:\/\/www.profartspla.site\/wordpress\/Dictionnaire\/epreuve\/\"  target=\"_blank\"  data-gt-translate-attributes='[{\"attribute\":\"data-cmtooltip\", \"format\":\"html\"}]' tabindex='0' role='link'>&Eacute;preuve<\/a> orale d&rsquo;arts plastiques<\/strong> : <strong>8, 9 et 10 juin<\/strong> <strong>2026 <\/strong> (au lyc&eacute;e de la communication)<\/li>\n\n\n\n<li><strong>Grand oral<\/strong> : entre le&nbsp;<strong>lundi 22 juin et le mercredi 1<sup>er<\/sup><\/strong>&nbsp;<strong>juillet<\/strong>&nbsp;<strong>2026<\/strong> (dans d&rsquo;autres lyc&eacute;es messins)<\/li>\n<\/ul>\n\n\n\n<div style=\"height:100px\" aria-hidden=\"true\" class=\"wp-block-spacer\"><\/div>\n\n\n\n<p><strong>Publication des r&eacute;sultats et <a class=\"glossaryLink\"  aria-describedby=\"tt\"  data-cmtooltip=\"cmtt_82354dd7b22f854fae822ec9efd7d736\"  href=\"https:\/\/www.profartspla.site\/wordpress\/Dictionnaire\/epreuve\/\"  target=\"_blank\"  data-gt-translate-attributes='[{\"attribute\":\"data-cmtooltip\", \"format\":\"html\"}]' tabindex='0' role='link'>&eacute;preuves<\/a> du second groupe (&eacute;l&egrave;ves au rattrapage)<\/strong><\/p>\n\n\n\n<p><strong>Les r&eacute;sultats du baccalaur&eacute;at g&eacute;n&eacute;ral seront communiqu&eacute;s &agrave; partir du mardi 7<\/strong>&nbsp;<strong>juillet<\/strong>&nbsp;<strong>2026.&nbsp;<\/strong><\/p>\n\n\n\n<p>Les <a class=\"glossaryLink\"  aria-describedby=\"tt\"  data-cmtooltip=\"cmtt_82354dd7b22f854fae822ec9efd7d736\"  href=\"https:\/\/www.profartspla.site\/wordpress\/Dictionnaire\/epreuve\/\"  target=\"_blank\"  data-gt-translate-attributes='[{\"attribute\":\"data-cmtooltip\", \"format\":\"html\"}]' tabindex='0' role='link'>&eacute;preuves<\/a> du second groupe du baccalaur&eacute;at g&eacute;n&eacute;ral, dites &laquo;&nbsp;<a class=\"glossaryLink\"  aria-describedby=\"tt\"  data-cmtooltip=\"cmtt_82354dd7b22f854fae822ec9efd7d736\"  href=\"https:\/\/www.profartspla.site\/wordpress\/Dictionnaire\/epreuve\/\"  target=\"_blank\"  data-gt-translate-attributes='[{\"attribute\":\"data-cmtooltip\", \"format\":\"html\"}]' tabindex='0' role='link'>&eacute;preuves<\/a> de rattrapage&nbsp;&raquo;, se d&eacute;rouleront jusqu&rsquo;au<strong>&nbsp;jeudi 9 juillet 2026 et au plus tard le vendredi 10 juillet&nbsp;2026 midi<\/strong>.<\/p>\n","protected":false},"excerpt":{"rendered":"<p>\u00c9preuves \u00e9crites \u00c9preuves orales Publication des r\u00e9sultats et \u00e9preuves du second groupe (\u00e9l\u00e8ves au rattrapage) Les r\u00e9sultats du baccalaur\u00e9at g\u00e9n\u00e9ral seront communiqu\u00e9s \u00e0 partir du mardi 7&nbsp;juillet&nbsp;2026.&nbsp; Les \u00e9preuves du second groupe du baccalaur\u00e9at g\u00e9n\u00e9ral, dites \u00ab\u00a0\u00e9preuves de rattrapage\u00a0\u00bb, se d\u00e9rouleront jusqu&rsquo;au&nbsp;jeudi 9 juillet 2026 et au plus tard le vendredi 10 juillet&nbsp;2026 midi.<\/p>\n","protected":false},"author":1,"featured_media":25603,"comment_status":"closed","ping_status":"closed","sticky":false,"template":"","format":"standard","meta":{"_jetpack_memberships_contains_paid_content":false,"footnotes":""},"categories":[1207,1209,1208],"tags":[],"class_list":["post-26168","post","type-post","status-publish","format-standard","has-post-thumbnail","hentry","category-cours-terminale-spe-2025-2026","category-grand-oral-en-terminale-spe-2025-2026","category-methodologies-pour-les-epreuves-du-baccalaureat-2025-2026"],"jetpack_featured_media_url":"https:\/\/i0.wp.com\/www.profartspla.site\/wordpress\/wp-content\/uploads\/2025\/09\/bac2026.jpg?fit=200%2C111&ssl=1","jetpack_sharing_enabled":true,"_links":{"self":[{"href":"https:\/\/www.profartspla.site\/wordpress\/wp-json\/wp\/v2\/posts\/26168","targetHints":{"allow":["GET"]}}],"collection":[{"href":"https:\/\/www.profartspla.site\/wordpress\/wp-json\/wp\/v2\/posts"}],"about":[{"href":"https:\/\/www.profartspla.site\/wordpress\/wp-json\/wp\/v2\/types\/post"}],"author":[{"embeddable":true,"href":"https:\/\/www.profartspla.site\/wordpress\/wp-json\/wp\/v2\/users\/1"}],"replies":[{"embeddable":true,"href":"https:\/\/www.profartspla.site\/wordpress\/wp-json\/wp\/v2\/comments?post=26168"}],"version-history":[{"count":2,"href":"https:\/\/www.profartspla.site\/wordpress\/wp-json\/wp\/v2\/posts\/26168\/revisions"}],"predecessor-version":[{"id":27947,"href":"https:\/\/www.profartspla.site\/wordpress\/wp-json\/wp\/v2\/posts\/26168\/revisions\/27947"}],"wp:featuredmedia":[{"embeddable":true,"href":"https:\/\/www.profartspla.site\/wordpress\/wp-json\/wp\/v2\/media\/25603"}],"wp:attachment":[{"href":"https:\/\/www.profartspla.site\/wordpress\/wp-json\/wp\/v2\/media?parent=26168"}],"wp:term":[{"taxonomy":"category","embeddable":true,"href":"https:\/\/www.profartspla.site\/wordpress\/wp-json\/wp\/v2\/categories?post=26168"},{"taxonomy":"post_tag","embeddable":true,"href":"https:\/\/www.profartspla.site\/wordpress\/wp-json\/wp\/v2\/tags?post=26168"}],"curies":[{"name":"wp","href":"https:\/\/api.w.org\/{rel}","templated":true}]}}