{"id":27822,"date":"2026-01-18T16:22:19","date_gmt":"2026-01-18T15:22:19","guid":{"rendered":"https:\/\/www.profartspla.site\/wordpress\/?p=27822"},"modified":"2026-01-18T18:23:20","modified_gmt":"2026-01-18T17:23:20","slug":"je-suis-en-seconde-lan-prochain-il-se-passera","status":"publish","type":"post","link":"https:\/\/www.profartspla.site\/wordpress\/2026\/01\/18\/je-suis-en-seconde-lan-prochain-il-se-passera\/","title":{"rendered":"Je suis en seconde, l&rsquo;an prochain, je vais &#8230;"},"content":{"rendered":"<ul class=\"wp-block-list\">\n<li>si vous n&rsquo;avez r&eacute;ussi &agrave; mobiliser vos comp&eacute;tences pour atteindre le niveau attendu en fin de votre ann&eacute;e seconde :\n<ul class=\"wp-block-list\">\n<li>vous devrez <strong>redoubler<\/strong> (le redoublement est &agrave; demander, il n&rsquo;est pas n&eacute;cessairement accept&eacute; dans le m&ecirc;me lyc&eacute;e. Les lyc&eacute;es de Fabert, Schuman, Georges de la Tour sur Metz proposent aussi l&rsquo;option arts plastiques en seconde). <\/li>\n\n\n\n<li>vous devrez vous <strong>r&eacute;orienter<\/strong> en voie professionnelle, technologique ou en apprentissage. <\/li>\n<\/ul>\n<\/li>\n<\/ul>\n\n\n\n<div style=\"height:50px\" aria-hidden=\"true\" class=\"wp-block-spacer\"><\/div>\n\n\n\n<ul class=\"wp-block-list\">\n<li><strong>vous pouvez passer en Premi&egrave;re : <\/strong>\n<ul class=\"wp-block-list\">\n<li>vous <strong>restez en voie g&eacute;n&eacute;rale<\/strong> et vous devez choisir <strong>3 sp&eacute;cialit&eacute;s <\/strong>parmi les 10 possibles au lyc&eacute;e de la communication <a href=\"https:\/\/www.lycom.fr\/les-10-specialites-en-voie-generale-au-lycee-de-la-communication\/\">https:\/\/www.lycom.fr\/les-10-specialites-en-voie-generale-au-lycee-de-la-communication\/<\/a> + celles &agrave; distance pas enseigner au lyc&eacute;e de la communication et propos&eacute;es par le CNED (Langues et cultures de l&rsquo;Antiquit&eacute; latin ou grec ; Langues, litt&eacute;ratures et cultures &eacute;trang&egrave;res et r&eacute;gionales allemand ou espagnol ou italien&nbsp;; Num&eacute;rique et sciences informatiques&nbsp;NSI ; Musique&nbsp;; Sciences de l&rsquo;ing&eacute;nieur SI).<\/li>\n\n\n\n<li>vous <strong>pourrez poursuivre l&rsquo;option arts plastiques<\/strong> ou d&eacute;marrer l&rsquo;option cin&eacute;ma, en voie g&eacute;n&eacute;rale et en voie technologique. <\/li>\n<\/ul>\n<\/li>\n<\/ul>\n\n\n<div class=\"wp-block-image\">\n<figure class=\"aligncenter size-full\"><a href=\"https:\/\/i0.wp.com\/www.profartspla.site\/wordpress\/wp-content\/uploads\/2026\/01\/arts_lycom.png?ssl=1\" target=\"_blank\" rel=\" noreferrer noopener\"><img data-recalc-dims=\"1\" loading=\"lazy\" decoding=\"async\" width=\"722\" height=\"218\" src=\"https:\/\/i0.wp.com\/www.profartspla.site\/wordpress\/wp-content\/uploads\/2026\/01\/arts_lycom.png?resize=722%2C218&#038;ssl=1\" alt=\"\" class=\"wp-image-27830\" srcset=\"https:\/\/i0.wp.com\/www.profartspla.site\/wordpress\/wp-content\/uploads\/2026\/01\/arts_lycom.png?w=722&amp;ssl=1 722w, https:\/\/i0.wp.com\/www.profartspla.site\/wordpress\/wp-content\/uploads\/2026\/01\/arts_lycom.png?resize=300%2C91&amp;ssl=1 300w, https:\/\/i0.wp.com\/www.profartspla.site\/wordpress\/wp-content\/uploads\/2026\/01\/arts_lycom.png?resize=199%2C60&amp;ssl=1 199w\" sizes=\"auto, (max-width: 722px) 100vw, 722px\"\/><\/a><\/figure>\n<\/div>\n\n\n<p><\/p>\n\n\n\n<ul class=\"wp-block-list\">\n<li>vous pouvez si des places se sont lib&eacute;r&eacute;es, <strong>basculer en voie technologique et postuler en STD2A<\/strong> (<a href=\"https:\/\/www.lycom.fr\/les-specialites-en-voie-technologique\/\" target=\"_blank\" rel=\"noreferrer noopener\">Sciences et Technologies du Design et des Arts Appliqu&eacute;s<\/a>). Attention voie technologique ne veut pas dire plus facile que voie g&eacute;n&eacute;rale. Pour cette demande, vous devez vous adresser &agrave; votre professeur principal qui vous donnera les dates et modalit&eacute;s pour postuler avec une lettre de motivation et un book (portfolio). <a href=\"https:\/\/www.profartspla.site\/wordpress\/?s=portfolio\" target=\"_blank\" rel=\"noreferrer noopener\">Voir les conseils sur ce site.<\/a><\/li>\n<\/ul>\n\n\n\n<div style=\"height:100px\" aria-hidden=\"true\" class=\"wp-block-spacer\"><\/div>\n\n\n\n<p><strong>Lien vers la <a class=\"glossaryLink\"  aria-describedby=\"tt\"  data-cmtooltip=\"cmtt_085c08dcb4d02183d053f44935fe0a2e\"  href=\"https:\/\/www.profartspla.site\/wordpress\/Dictionnaire\/presentation\/\"  target=\"_blank\"  data-gt-translate-attributes='[{\"attribute\":\"data-cmtooltip\", \"format\":\"html\"}]' tabindex='0' role='link'>pr&eacute;sentation<\/a> propos&eacute;e au lyc&eacute;e de la communication aux &eacute;l&egrave;ves et familles sur l&rsquo;orientation en fili&egrave;res artistiques <\/strong>: <a href=\"https:\/\/www.profartspla.site\/wordpress\/2026\/01\/18\/filieres-artistiques-presentation-aux-eleves-et-familles\/\" target=\"_blank\" rel=\"noreferrer noopener\">https:\/\/www.profartspla.site\/wordpress\/2026\/01\/18\/filieres-artistiques-presentation-aux-eleves-et-familles\/<\/a><\/p>\n\n\n\n<p><strong>Choix de vos combinaisons de sp&eacute;cialit&eacute;s si vous choisissez arts plastiques : <\/strong><a href=\"https:\/\/www.profartspla.site\/wordpress\/2026\/01\/18\/comment-bien-choisir-ses-specialites-en-premiere-en-voie-generale\/\">https:\/\/www.profartspla.site\/wordpress\/2026\/01\/18\/comment-bien-choisir-ses-specialites-en-premiere-en-voie-generale\/<\/a><\/p>\n","protected":false},"excerpt":{"rendered":"<p>Lien vers la pr\u00e9sentation propos\u00e9e au lyc\u00e9e de la communication aux \u00e9l\u00e8ves et familles sur l&rsquo;orientation en fili\u00e8res artistiques : https:\/\/www.profartspla.site\/wordpress\/2026\/01\/18\/filieres-artistiques-presentation-aux-eleves-et-familles\/ Choix de vos combinaisons de sp\u00e9cialit\u00e9s si vous choisissez arts plastiques : https:\/\/www.profartspla.site\/wordpress\/2026\/01\/18\/comment-bien-choisir-ses-specialites-en-premiere-en-voie-generale\/<\/p>\n","protected":false},"author":1,"featured_media":9984,"comment_status":"closed","ping_status":"closed","sticky":false,"template":"","format":"standard","meta":{"_jetpack_memberships_contains_paid_content":false,"footnotes":""},"categories":[1204,34],"tags":[],"class_list":["post-27822","post","type-post","status-publish","format-standard","has-post-thumbnail","hentry","category-cours-2025-2026-s","category-orientation-en-filieres-artistiques"],"jetpack_featured_media_url":"https:\/\/i0.wp.com\/www.profartspla.site\/wordpress\/wp-content\/uploads\/2021\/01\/orientation-e1665231740906.jpeg?fit=200%2C74&ssl=1","jetpack_sharing_enabled":true,"_links":{"self":[{"href":"https:\/\/www.profartspla.site\/wordpress\/wp-json\/wp\/v2\/posts\/27822","targetHints":{"allow":["GET"]}}],"collection":[{"href":"https:\/\/www.profartspla.site\/wordpress\/wp-json\/wp\/v2\/posts"}],"about":[{"href":"https:\/\/www.profartspla.site\/wordpress\/wp-json\/wp\/v2\/types\/post"}],"author":[{"embeddable":true,"href":"https:\/\/www.profartspla.site\/wordpress\/wp-json\/wp\/v2\/users\/1"}],"replies":[{"embeddable":true,"href":"https:\/\/www.profartspla.site\/wordpress\/wp-json\/wp\/v2\/comments?post=27822"}],"version-history":[{"count":7,"href":"https:\/\/www.profartspla.site\/wordpress\/wp-json\/wp\/v2\/posts\/27822\/revisions"}],"predecessor-version":[{"id":27840,"href":"https:\/\/www.profartspla.site\/wordpress\/wp-json\/wp\/v2\/posts\/27822\/revisions\/27840"}],"wp:featuredmedia":[{"embeddable":true,"href":"https:\/\/www.profartspla.site\/wordpress\/wp-json\/wp\/v2\/media\/9984"}],"wp:attachment":[{"href":"https:\/\/www.profartspla.site\/wordpress\/wp-json\/wp\/v2\/media?parent=27822"}],"wp:term":[{"taxonomy":"category","embeddable":true,"href":"https:\/\/www.profartspla.site\/wordpress\/wp-json\/wp\/v2\/categories?post=27822"},{"taxonomy":"post_tag","embeddable":true,"href":"https:\/\/www.profartspla.site\/wordpress\/wp-json\/wp\/v2\/tags?post=27822"}],"curies":[{"name":"wp","href":"https:\/\/api.w.org\/{rel}","templated":true}]}}