{"id":27836,"date":"2026-01-18T17:15:37","date_gmt":"2026-01-18T16:15:37","guid":{"rendered":"https:\/\/www.profartspla.site\/wordpress\/?p=27836"},"modified":"2026-01-18T18:25:41","modified_gmt":"2026-01-18T17:25:41","slug":"comment-bien-choisir-ses-specialites-en-premiere-en-voie-generale","status":"publish","type":"post","link":"https:\/\/www.profartspla.site\/wordpress\/2026\/01\/18\/comment-bien-choisir-ses-specialites-en-premiere-en-voie-generale\/","title":{"rendered":"Comment bien choisir ses sp\u00e9cialit\u00e9s en Premi\u00e8re, en voie g\u00e9n\u00e9rale :"},"content":{"rendered":"<p><strong>Pourquoi choisir la sp&eacute;cialit&eacute; arts plastiques ?<\/strong><\/p>\n\n\n\n<p>&ndash;&nbsp; parce que les domaines de la cr&eacute;ation vous stimulent,&nbsp; vous aident &agrave; penser le monde et votre place dans&nbsp; celui-ci, vous aident &agrave; vous exprimer autrement que par des mots. <strong><mark style=\"background-color:rgba(0, 0, 0, 0)\" class=\"has-inline-color has-vivid-red-color\">Ce sera un plus pour votre culture g&eacute;n&eacute;rale.<\/mark><\/strong><\/p>\n\n\n\n<p>&ndash;&nbsp;&nbsp;&nbsp;&nbsp; parce que vous avez d&eacute;j&agrave; une <a class=\"glossaryLink\"  aria-describedby=\"tt\"  data-cmtooltip=\"cmtt_72bf8ef98c579fe9852292b5f45674d4\"  href=\"https:\/\/www.profartspla.site\/wordpress\/Dictionnaire\/idee\/\"  target=\"_blank\"  data-gt-translate-attributes='[{\"attribute\":\"data-cmtooltip\", \"format\":\"html\"}]' tabindex='0' role='link'>id&eacute;e<\/a> de m&eacute;tier proche de la cr&eacute;ation, du monde de l&rsquo;art, du patrimoine. <strong><mark style=\"background-color:rgba(0, 0, 0, 0)\" class=\"has-inline-color has-vivid-red-color\">Ce sera une voie vers un futur domaine professionnel.<\/mark><\/strong> <strong>Pensez aussi &agrave; cumuler cette sp&eacute;cialit&eacute; avec l&rsquo;option arts plastiques ou cin&eacute;ma pour renforcer votre profil artistique.<\/strong><\/p>\n\n\n\n<div style=\"height:100px\" aria-hidden=\"true\" class=\"wp-block-spacer\"><\/div>\n\n\n\n<p><strong>Au lyc&eacute;e de la communication, en Premi&egrave;re, la sp&eacute;cialit&eacute; arts plastiques est organis&eacute;e en :<\/strong><\/p>\n\n\n\n<p>&ndash; 2 h de culture artistique + 2 h de pratique artistique, avec inversion des deux enseignantes par semestre afin de doubler les p&eacute;dagogies, les approches, les sensibilit&eacute;s et les regards.<\/p>\n\n\n\n<p>En terminale, ce sera 2 h de culture artistique + 2 h de pratique artistique + 2 h de m&eacute;thodologies pour les <a class=\"glossaryLink\"  aria-describedby=\"tt\"  data-cmtooltip=\"cmtt_82354dd7b22f854fae822ec9efd7d736\"  href=\"https:\/\/www.profartspla.site\/wordpress\/Dictionnaire\/epreuve\/\"  target=\"_blank\"  data-gt-translate-attributes='[{\"attribute\":\"data-cmtooltip\", \"format\":\"html\"}]' tabindex='0' role='link'>&eacute;preuves<\/a> du baccalaur&eacute;at, avec la m&ecirc;me enseignante sur l&rsquo;ann&eacute;e qui sera aussi votre professeur r&eacute;f&eacute;rent pour vous aider dans vos choix d&rsquo;orientation, vos entretiens, concours, portfolios pour vos voeux post-bac, dans ParcourSup (&eacute;coles d&rsquo;art, DnMade, BTS, universit&eacute;, IUT, &hellip; ) et autres.<\/p>\n\n\n\n<p><strong>Des &eacute;valuations pour le baccalaur&eacute;at :<\/strong><\/p>\n\n\n\n<ul class=\"wp-block-list\">\n<li><strong>En option <\/strong>: moyenne dans le contr&ocirc;le continu (coefficient 2 si suivie une ann&eacute;e &ndash; premi&egrave;re ou terminale, coefficient 4 si suivie deux ann&eacute;es &ndash; premi&egrave;re et terminale) <\/li>\n\n\n\n<li><strong>En sp&eacute;cialit&eacute; <\/strong>: coefficient 16 <\/li>\n<\/ul>\n\n\n\n<p>Sp&eacute;cialit&eacute; abandonn&eacute;e en terminale, moyenne annuelle coefficient 8 pour les calculs des points dans le contr&ocirc;le continu au baccalaur&eacute;at.<\/p>\n\n\n\n<p>Sp&eacute;cialit&eacute; arts plastiques conserv&eacute;e en terminale, <a class=\"glossaryLink\"  aria-describedby=\"tt\"  data-cmtooltip=\"cmtt_82354dd7b22f854fae822ec9efd7d736\"  href=\"https:\/\/www.profartspla.site\/wordpress\/Dictionnaire\/epreuve\/\"  target=\"_blank\"  data-gt-translate-attributes='[{\"attribute\":\"data-cmtooltip\", \"format\":\"html\"}]' tabindex='0' role='link'>&eacute;preuve<\/a> de 30 minutes &agrave; l&rsquo;oral + <a class=\"glossaryLink\"  aria-describedby=\"tt\"  data-cmtooltip=\"cmtt_82354dd7b22f854fae822ec9efd7d736\"  href=\"https:\/\/www.profartspla.site\/wordpress\/Dictionnaire\/epreuve\/\"  target=\"_blank\"  data-gt-translate-attributes='[{\"attribute\":\"data-cmtooltip\", \"format\":\"html\"}]' tabindex='0' role='link'>&eacute;preuve<\/a> &eacute;crite de 3 h 30. Le contenu de vos deux sp&eacute;cialit&eacute;s de terminale seront aussi le contenu &agrave; travailler, &agrave; questionner pour le &laquo;&nbsp;Grand Oral&nbsp;&raquo;, coefficient 10 session 2026 et coefficient 8 pour la session 2027. <\/p>\n\n\n\n<figure class=\"wp-block-image size-large\"><a href=\"https:\/\/i0.wp.com\/www.profartspla.site\/wordpress\/wp-content\/uploads\/2026\/01\/bac2027.jpg?ssl=1\" target=\"_blank\" rel=\" noreferrer noopener\"><img data-recalc-dims=\"1\" loading=\"lazy\" decoding=\"async\" width=\"925\" height=\"925\" src=\"https:\/\/i0.wp.com\/www.profartspla.site\/wordpress\/wp-content\/uploads\/2026\/01\/bac2027.jpg?resize=925%2C925&#038;ssl=1\" alt=\"\" class=\"wp-image-27858\" srcset=\"https:\/\/i0.wp.com\/www.profartspla.site\/wordpress\/wp-content\/uploads\/2026\/01\/bac2027.jpg?resize=1024%2C1024&amp;ssl=1 1024w, https:\/\/i0.wp.com\/www.profartspla.site\/wordpress\/wp-content\/uploads\/2026\/01\/bac2027.jpg?resize=300%2C300&amp;ssl=1 300w, https:\/\/i0.wp.com\/www.profartspla.site\/wordpress\/wp-content\/uploads\/2026\/01\/bac2027.jpg?resize=150%2C150&amp;ssl=1 150w, https:\/\/i0.wp.com\/www.profartspla.site\/wordpress\/wp-content\/uploads\/2026\/01\/bac2027.jpg?resize=768%2C768&amp;ssl=1 768w, https:\/\/i0.wp.com\/www.profartspla.site\/wordpress\/wp-content\/uploads\/2026\/01\/bac2027.jpg?resize=60%2C60&amp;ssl=1 60w, https:\/\/i0.wp.com\/www.profartspla.site\/wordpress\/wp-content\/uploads\/2026\/01\/bac2027.jpg?w=1080&amp;ssl=1 1080w\" sizes=\"auto, (max-width: 925px) 100vw, 925px\"\/><\/a><\/figure>\n\n\n\n<div style=\"height:100px\" aria-hidden=\"true\" class=\"wp-block-spacer\"><\/div>\n\n\n\n<figure class=\"wp-block-embed aligncenter is-type-wp-embed is-provider-lyc-e-g-n-ral-et-technologique-de-la-communication wp-block-embed-lyc-e-g-n-ral-et-technologique-de-la-communication\"><div class=\"wp-block-embed__wrapper\">\n<blockquote class=\"wp-embedded-content\" data-secret=\"Jd710qzFlp\"><a href=\"https:\/\/www.lycom.fr\/les-10-specialites-en-voie-generale-au-lycee-de-la-communication\/\">Les 10 sp&eacute;cialit&eacute;s en voie g&eacute;n&eacute;rale au lyc&eacute;e de la communication<\/a><\/blockquote><iframe loading=\"lazy\" class=\"wp-embedded-content\" sandbox=\"allow-scripts\" security=\"restricted\" style=\"position: absolute; visibility: hidden;\" title=\"&laquo;&nbsp;Les 10 sp&eacute;cialit&eacute;s en voie g&eacute;n&eacute;rale au lyc&eacute;e de la communication&nbsp;&raquo; &mdash; Lyc&eacute;e g&eacute;n&eacute;ral et technologique de la Communication\" src=\"https:\/\/www.lycom.fr\/les-10-specialites-en-voie-generale-au-lycee-de-la-communication\/embed\/#?secret=5sSiyamsDY#?secret=Jd710qzFlp\" data-secret=\"Jd710qzFlp\" width=\"600\" height=\"338\" frameborder=\"0\" marginwidth=\"0\" marginheight=\"0\" scrolling=\"no\"><\/iframe>\n<\/div><\/figure>\n\n\n\n<div data-wp-interactive=\"core\/file\" class=\"wp-block-file aligncenter\"><object data-wp-bind--hidden=\"!state.hasPdfPreview\" hidden class=\"wp-block-file__embed\" data=\"https:\/\/www.profartspla.site\/wordpress\/wp-content\/uploads\/2026\/01\/spe_apres_seconde.pdf\" type=\"application\/pdf\" style=\"width:100%;height:1200px\" aria-label=\"Contenu embarqu&eacute; spe_apres_seconde.\"><\/object><a id=\"wp-block-file--media-8667bdae-c615-4340-a906-2558d7838f50\" href=\"https:\/\/www.profartspla.site\/wordpress\/wp-content\/uploads\/2026\/01\/spe_apres_seconde.pdf\" target=\"_blank\" rel=\"noreferrer noopener\">spe_apres_seconde<\/a><a href=\"https:\/\/www.profartspla.site\/wordpress\/wp-content\/uploads\/2026\/01\/spe_apres_seconde.pdf\" class=\"wp-block-file__button wp-element-button\" download aria-describedby=\"wp-block-file--media-8667bdae-c615-4340-a906-2558d7838f50\">T&eacute;l&eacute;charger<\/a><\/div>\n\n\n\n<div style=\"height:100px\" aria-hidden=\"true\" class=\"wp-block-spacer\"><\/div>\n\n\n\n<p><strong>Foire aux Questions pour un &eacute;l&egrave;ve qui est en Seconde : L&rsquo;an prochain, &hellip;<\/strong><\/p>\n\n\n\n<ul class=\"wp-block-list\">\n<li>Est-ce que je peux choisir la<strong>&nbsp;sp&eacute;cialit&eacute; (4h \/ semaine)&nbsp;&nbsp;arts plastiques<\/strong>&nbsp;si je n&rsquo;ai pas suivi l&rsquo;option en seconde ? R&eacute;ponse : OUI<\/li>\n\n\n\n<li>Est-ce que je peux choisir l&rsquo;<strong>option (3h \/ semaine)&nbsp;&nbsp;arts plastiques<\/strong>&nbsp;si je n&rsquo;ai pas suivi l&rsquo;option en seconde ? R&eacute;ponse : OUI<\/li>\n\n\n\n<li>Est-ce que je peux cumuler la&nbsp;<strong>sp&eacute;cialit&eacute; (4h \/ semaine)&nbsp;arts plastiques<\/strong>&nbsp;&nbsp;+&nbsp;<strong>l&rsquo;option (3h \/ semaine)&nbsp;&nbsp;arts plastiques<\/strong>&nbsp; si je n&rsquo;ai pas suivi l&rsquo;option en seconde&nbsp;? R&eacute;ponse : OUI<\/li>\n\n\n\n<li>Est-ce que je peux cumuler la<strong>&nbsp;sp&eacute;cialit&eacute; (4h \/ semaine)&nbsp;cin&eacute;ma<\/strong>&nbsp;&nbsp;+&nbsp;<strong>l&rsquo;option (3h \/ semaine)&nbsp;&nbsp;arts plastiques<\/strong>&nbsp; si je ne les ai pas pas suivies en seconde&nbsp;? R&eacute;ponse : OUI<\/li>\n\n\n\n<li>Est-ce que je peux cumuler la&nbsp;<strong>sp&eacute;cialit&eacute; (4h \/ semaine)&nbsp;arts plastiques&nbsp;<\/strong>&nbsp;+&nbsp;<strong>l&rsquo;option (3h \/ semaine)&nbsp;cin&eacute;ma<\/strong>&nbsp;si je ne les ai pas pas suivies en seconde&nbsp;? R&eacute;ponse : OUI<\/li>\n\n\n\n<li>Est-ce que je peux cumuler la&nbsp;<strong>sp&eacute;cialit&eacute; (4h \/ semaine)&nbsp;arts plastiques&nbsp;<\/strong>&nbsp;+&nbsp;<strong>la<\/strong> <strong><strong>sp&eacute;cialit&eacute; (4h \/ semaine)&nbsp;<\/strong>&nbsp;cin&eacute;ma<\/strong>&nbsp;? R&eacute;ponse : malheureusement NON malgr&eacute; notre souhait de voir cette possibilit&eacute; offerte.<\/li>\n\n\n\n<li>Est-ce que je peux suivre l&rsquo;<strong>option en seconde et arr&ecirc;ter ensuite <\/strong>? Cela arrive peu mais OUI&nbsp; c&rsquo;est une option choisie pour une ann&eacute;e, vous pouvez donc l&rsquo;arr&ecirc;ter l&rsquo;ann&eacute;e suivante.<\/li>\n\n\n\n<li>Est-ce que je peux suivre l&rsquo;<strong>option arts plastiques si je suis en STD2A <\/strong>? R&eacute;ponse : OUI mais plut&ocirc;t en Premi&egrave;re et Terminale car l&rsquo;emploi du <a class=\"glossaryLink\"  aria-describedby=\"tt\"  data-cmtooltip=\"cmtt_5e986529611bc40fb8b013de6bd55f6f\"  href=\"https:\/\/www.profartspla.site\/wordpress\/Dictionnaire\/temps\/\"  target=\"_blank\"  data-gt-translate-attributes='[{\"attribute\":\"data-cmtooltip\", \"format\":\"html\"}]' tabindex='0' role='link'>temps<\/a> est d&eacute;j&agrave; tr&egrave;s charg&eacute;.<\/li>\n<\/ul>\n\n\n\n<p><strong>Foire aux Questions pour un &eacute;l&egrave;ve est en Premi&egrave;re :  L&rsquo;an prochain, &hellip;<\/strong><\/p>\n\n\n\n<ul class=\"wp-block-list\">\n<li>Si <strong>j&rsquo;arr&ecirc;te la sp&eacute;cialit&eacute; en Premi&egrave;re<\/strong>, est-ce que je peux poursuivre en <strong>option en Terminale  <\/strong>? R&eacute;ponse : OUI<\/li>\n<\/ul>\n","protected":false},"excerpt":{"rendered":"<p>Pourquoi choisir la sp\u00e9cialit\u00e9 arts plastiques ? &#8211;\u00a0 parce que les domaines de la cr\u00e9ation vous stimulent,\u00a0 vous aident \u00e0 penser le monde et votre place dans\u00a0 celui-ci, vous aident \u00e0 vous exprimer autrement que par des mots. Ce sera un plus pour votre culture g\u00e9n\u00e9rale. &#8211;\u00a0\u00a0\u00a0\u00a0 parce que vous avez d\u00e9j\u00e0 une id\u00e9e de &hellip; <\/p>\n","protected":false},"author":1,"featured_media":27871,"comment_status":"closed","ping_status":"closed","sticky":false,"template":"","format":"standard","meta":{"_jetpack_memberships_contains_paid_content":false,"footnotes":""},"categories":[1204,34],"tags":[],"class_list":["post-27836","post","type-post","status-publish","format-standard","has-post-thumbnail","hentry","category-cours-2025-2026-s","category-orientation-en-filieres-artistiques"],"jetpack_featured_media_url":"https:\/\/i0.wp.com\/www.profartspla.site\/wordpress\/wp-content\/uploads\/2026\/01\/spe.png?fit=200%2C49&ssl=1","jetpack_sharing_enabled":true,"_links":{"self":[{"href":"https:\/\/www.profartspla.site\/wordpress\/wp-json\/wp\/v2\/posts\/27836","targetHints":{"allow":["GET"]}}],"collection":[{"href":"https:\/\/www.profartspla.site\/wordpress\/wp-json\/wp\/v2\/posts"}],"about":[{"href":"https:\/\/www.profartspla.site\/wordpress\/wp-json\/wp\/v2\/types\/post"}],"author":[{"embeddable":true,"href":"https:\/\/www.profartspla.site\/wordpress\/wp-json\/wp\/v2\/users\/1"}],"replies":[{"embeddable":true,"href":"https:\/\/www.profartspla.site\/wordpress\/wp-json\/wp\/v2\/comments?post=27836"}],"version-history":[{"count":7,"href":"https:\/\/www.profartspla.site\/wordpress\/wp-json\/wp\/v2\/posts\/27836\/revisions"}],"predecessor-version":[{"id":27870,"href":"https:\/\/www.profartspla.site\/wordpress\/wp-json\/wp\/v2\/posts\/27836\/revisions\/27870"}],"wp:featuredmedia":[{"embeddable":true,"href":"https:\/\/www.profartspla.site\/wordpress\/wp-json\/wp\/v2\/media\/27871"}],"wp:attachment":[{"href":"https:\/\/www.profartspla.site\/wordpress\/wp-json\/wp\/v2\/media?parent=27836"}],"wp:term":[{"taxonomy":"category","embeddable":true,"href":"https:\/\/www.profartspla.site\/wordpress\/wp-json\/wp\/v2\/categories?post=27836"},{"taxonomy":"post_tag","embeddable":true,"href":"https:\/\/www.profartspla.site\/wordpress\/wp-json\/wp\/v2\/tags?post=27836"}],"curies":[{"name":"wp","href":"https:\/\/api.w.org\/{rel}","templated":true}]}}